{"id":20065,"date":"2025-02-19T10:53:28","date_gmt":"2025-02-19T09:53:28","guid":{"rendered":"https:\/\/minimalistefrugaliste.com\/?p=20065"},"modified":"2026-05-22T13:14:24","modified_gmt":"2026-05-22T11:14:24","slug":"10-surprising-peculiarities-of-the-swiss-economy","status":"publish","type":"post","link":"https:\/\/minimalistefrugaliste.com\/en\/10-particularites-surprenantes-de-leconomie-suisse\/","title":{"rendered":"10 Surprising Peculiarities of the Swiss Economy"},"content":{"rendered":"\n<p class=\"has-text-align-center has-light-green-cyan-color has-text-color has-link-color wp-elements-1 wp-block-paragraph\"><strong>Ayant v\u00e9cu dans plusieurs pays et en ayant pass\u00e9 la moiti\u00e9 de ma vie en Suisse. J&#8217;ai not\u00e9 10 particularit\u00e9s surprenantes de l&#8217;\u00e9conomie suisse. Dans cet article, j&#8217;\u00e9voque 5 points positifs et 5 points n\u00e9gatifs.<\/strong><\/p><div id=\"ez-toc-container\" class=\"ez-toc-v2_0_87 ez-toc-wrap-center counter-flat ez-toc-counter ez-toc-black ez-toc-container-direction\">\n<div class=\"ez-toc-title-container\">\n<p class=\"ez-toc-title\" style=\"cursor:inherit\">Table des mati\u00e8res<\/p>\n<span class=\"ez-toc-title-toggle\"><a href=\"#\" class=\"ez-toc-pull-right ez-toc-btn ez-toc-btn-xs ez-toc-btn-default ez-toc-toggle\" aria-label=\"Toggle Table of Content\"><span class=\"ez-toc-js-icon-con\"><span class=\"\"><span class=\"eztoc-hide\" style=\"display:none;\">Toggle<\/span><span class=\"ez-toc-icon-toggle-span\"><svg style=\"fill: #eeee22;color:#eeee22\" xmlns=\"http:\/\/www.w3.org\/2000\/svg\" class=\"list-377408\" width=\"20px\" height=\"20px\" viewBox=\"0 0 24 24\" fill=\"none\"><path d=\"M6 6H4v2h2V6zm14 0H8v2h12V6zM4 11h2v2H4v-2zm16 0H8v2h12v-2zM4 16h2v2H4v-2zm16 0H8v2h12v-2z\" fill=\"currentColor\"><\/path><\/svg><svg style=\"fill: #eeee22;color:#eeee22\" class=\"arrow-unsorted-368013\" xmlns=\"http:\/\/www.w3.org\/2000\/svg\" width=\"10px\" height=\"10px\" viewBox=\"0 0 24 24\" version=\"1.2\" baseProfile=\"tiny\"><path d=\"M18.2 9.3l-6.2-6.3-6.2 6.3c-.2.2-.3.4-.3.7s.1.5.3.7c.2.2.4.3.7.3h11c.3 0 .5-.1.7-.3.2-.2.3-.5.3-.7s-.1-.5-.3-.7zM5.8 14.7l6.2 6.3 6.2-6.3c.2-.2.3-.5.3-.7s-.1-.5-.3-.7c-.2-.2-.4-.3-.7-.3h-11c-.3 0-.5.1-.7.3-.2.2-.3.5-.3.7s.1.5.3.7z\"\/><\/svg><\/span><\/span><\/span><\/a><\/span><\/div>\n<nav><ul class='ez-toc-list ez-toc-list-level-1 ' ><li class='ez-toc-page-1'><a class=\"ez-toc-link ez-toc-heading-1\" href=\"https:\/\/minimalistefrugaliste.com\/en\/10-particularites-surprenantes-de-leconomie-suisse\/#Produits_recommandes\" >Produits recommand\u00e9s<\/a><\/li><li class='ez-toc-page-1'><a class=\"ez-toc-link ez-toc-heading-2\" href=\"https:\/\/minimalistefrugaliste.com\/en\/10-particularites-surprenantes-de-leconomie-suisse\/#Livre_E-book_%E2%80%93_50_astuces_pour_economiser_en_Suisse\" >Livre E-book &#8211; 50 astuces pour \u00e9conomiser en Suisse<\/a><\/li><li class='ez-toc-page-1'><a class=\"ez-toc-link ez-toc-heading-3\" href=\"https:\/\/minimalistefrugaliste.com\/en\/10-particularites-surprenantes-de-leconomie-suisse\/#Livre_E-book_%E2%80%93_Financer_son_avenir_avec_la_bourse_%E2%80%93_mode_demploi\" >Livre E-book &#8211; Financer son avenir avec la bourse &#8211; mode d&#8217;emploi<\/a><\/li><li class='ez-toc-page-1'><a class=\"ez-toc-link ez-toc-heading-4\" href=\"https:\/\/minimalistefrugaliste.com\/en\/10-particularites-surprenantes-de-leconomie-suisse\/#Guide_E-book_%E2%80%93_Libere-toi_de_la_surconsommation\" >Guide E-book &#8211; Lib\u00e8re-toi de la surconsommation<\/a><\/li><li class='ez-toc-page-1'><a class=\"ez-toc-link ez-toc-heading-5\" href=\"https:\/\/minimalistefrugaliste.com\/en\/10-particularites-surprenantes-de-leconomie-suisse\/#Comment_la_Suisse_est-elle_connue_a_letranger\" >Comment la Suisse est-elle connue \u00e0 l&#8217;\u00e9tranger?<\/a><\/li><li class='ez-toc-page-1'><a class=\"ez-toc-link ez-toc-heading-6\" href=\"https:\/\/minimalistefrugaliste.com\/en\/10-particularites-surprenantes-de-leconomie-suisse\/#5_Points_Positifs_%F0%9F%91%8D\" >5 Points Positifs \ud83d\udc4d<\/a><\/li><li class='ez-toc-page-1'><a class=\"ez-toc-link ez-toc-heading-7\" href=\"https:\/\/minimalistefrugaliste.com\/en\/10-particularites-surprenantes-de-leconomie-suisse\/#1%F0%9F%91%8D_%E2%80%93_Taux_de_chomage_tres_bas_%F0%9F%A7%91%E2%80%8D%F0%9F%8C%BE\" >1\ud83d\udc4d &#8211; Taux de ch\u00f4mage tr\u00e8s bas \ud83e\uddd1\u200d\ud83c\udf3e<\/a><\/li><li class='ez-toc-page-1'><a class=\"ez-toc-link ez-toc-heading-8\" href=\"https:\/\/minimalistefrugaliste.com\/en\/10-particularites-surprenantes-de-leconomie-suisse\/#2%F0%9F%91%8D_%E2%80%93_Compte_3a_%F0%9F%8F%A6\" >2\ud83d\udc4d &#8211; Compte 3a \ud83c\udfe6<\/a><\/li><li class='ez-toc-page-1'><a class=\"ez-toc-link ez-toc-heading-9\" href=\"https:\/\/minimalistefrugaliste.com\/en\/10-particularites-surprenantes-de-leconomie-suisse\/#3%F0%9F%91%8D_%E2%80%93_Bonne_Fiscalite_concernant_les_ETF_a_croissance%F0%9F%93%88\" >3\ud83d\udc4d &#8211; Bonne Fiscalit\u00e9 concernant les ETF \u00e0 croissance\ud83d\udcc8<\/a><\/li><li class='ez-toc-page-1'><a class=\"ez-toc-link ez-toc-heading-10\" href=\"https:\/\/minimalistefrugaliste.com\/en\/10-particularites-surprenantes-de-leconomie-suisse\/#4%F0%9F%91%8D_%E2%80%93_Des_finances_publiques_saines_%F0%9F%8F%A2\" >4\ud83d\udc4d &#8211; Des finances publiques saines \ud83c\udfe2<\/a><\/li><li class='ez-toc-page-1'><a class=\"ez-toc-link ez-toc-heading-11\" href=\"https:\/\/minimalistefrugaliste.com\/en\/10-particularites-surprenantes-de-leconomie-suisse\/#5%F0%9F%91%8D_%E2%80%93_Bon_Pouvoir_dachat_en_general_%F0%9F%92%B0\" >5\ud83d\udc4d &#8211; Bon Pouvoir d&#8217;achat (en g\u00e9n\u00e9ral) \ud83d\udcb0<\/a><\/li><li class='ez-toc-page-1'><a class=\"ez-toc-link ez-toc-heading-12\" href=\"https:\/\/minimalistefrugaliste.com\/en\/10-particularites-surprenantes-de-leconomie-suisse\/#5_Points_Negatifs_%F0%9F%91%8E\" >5 Points N\u00e9gatifs \ud83d\udc4e<\/a><\/li><li class='ez-toc-page-1'><a class=\"ez-toc-link ez-toc-heading-13\" href=\"https:\/\/minimalistefrugaliste.com\/en\/10-particularites-surprenantes-de-leconomie-suisse\/#1%F0%9F%91%8E_%E2%80%93_Le_cout_de_la_vie_elevee_%F0%9F%92%B3\" >1\ud83d\udc4e &#8211; Le co\u00fbt de la vie \u00e9lev\u00e9e \ud83d\udcb3<\/a><\/li><li class='ez-toc-page-1'><a class=\"ez-toc-link ez-toc-heading-14\" href=\"https:\/\/minimalistefrugaliste.com\/en\/10-particularites-surprenantes-de-leconomie-suisse\/#2%F0%9F%91%8E_%E2%80%93_Assurance_maladie_chere_et_obligatoire_%F0%9F%91%A9%E2%80%8D%E2%9A%95%EF%B8%8F\" >2\ud83d\udc4e &#8211; Assurance maladie ch\u00e8re et obligatoire \ud83d\udc69\u200d\u2695\ufe0f<\/a><\/li><li class='ez-toc-page-1'><a class=\"ez-toc-link ez-toc-heading-15\" href=\"https:\/\/minimalistefrugaliste.com\/en\/10-particularites-surprenantes-de-leconomie-suisse\/#3%F0%9F%91%8E_%E2%80%93_La_libre_circulation_des_personnes_%F0%9F%9A%B6%E2%80%8D%E2%99%82%EF%B8%8F%E2%80%8D%E2%9E%A1%EF%B8%8F\" >3\ud83d\udc4e &#8211; La libre circulation des personnes \ud83d\udeb6\u200d\u2642\ufe0f\u200d\u27a1\ufe0f<\/a><\/li><li class='ez-toc-page-1'><a class=\"ez-toc-link ez-toc-heading-16\" href=\"https:\/\/minimalistefrugaliste.com\/en\/10-particularites-surprenantes-de-leconomie-suisse\/#4%F0%9F%91%8E-_Prix_de_limmobilier_trop_cher_dans_certaines_regions_%F0%9F%8F%A0\" >4\ud83d\udc4e- Prix de l&#8217;immobilier trop cher dans certaines r\u00e9gions \ud83c\udfe0<\/a><\/li><li class='ez-toc-page-1'><a class=\"ez-toc-link ez-toc-heading-17\" href=\"https:\/\/minimalistefrugaliste.com\/en\/10-particularites-surprenantes-de-leconomie-suisse\/#5%F0%9F%91%8E_%E2%80%93_Les_taxes_%E2%80%9Dinutiles%E2%80%9D_%F0%9F%A7%BE\" >5\ud83d\udc4e &#8211; Les taxes &#8221;inutiles&#8221; \ud83e\uddfe<\/a><\/li><li class='ez-toc-page-1'><a class=\"ez-toc-link ez-toc-heading-18\" href=\"https:\/\/minimalistefrugaliste.com\/en\/10-particularites-surprenantes-de-leconomie-suisse\/#Conclusion\" >Conclusion<\/a><\/li><\/ul><\/nav><\/div>\n\n\n\n\n<div data-__private-preview-state=\"{&quot;isPreview&quot;:false,&quot;previewMessage&quot;:&quot;Les produits d\\u00e9pendront de la page consult\\u00e9e.&quot;}\" data-block-name=\"woocommerce\/product-collection\" data-collection=\"woocommerce\/product-collection\/hand-picked\" data-dimensions=\"{&quot;widthType&quot;:&quot;fill&quot;}\" data-display-layout=\"{&quot;type&quot;:&quot;flex&quot;,&quot;columns&quot;:5,&quot;shrinkColumns&quot;:true}\" data-hide-controls=\"[&quot;inherit&quot;,&quot;hand-picked&quot;,&quot;filterable&quot;,&quot;order&quot;]\" data-query-context-includes=\"[&quot;collection&quot;]\" data-query-id=\"0\" data-query=\"{&quot;perPage&quot;:9,&quot;pages&quot;:0,&quot;offset&quot;:0,&quot;postType&quot;:&quot;product&quot;,&quot;order&quot;:&quot;asc&quot;,&quot;orderBy&quot;:&quot;post__in&quot;,&quot;search&quot;:&quot;&quot;,&quot;exclude&quot;:[],&quot;inherit&quot;:false,&quot;taxQuery&quot;:[],&quot;isProductCollectionBlock&quot;:true,&quot;featured&quot;:false,&quot;woocommerceOnSale&quot;:false,&quot;woocommerceStockStatus&quot;:[&quot;instock&quot;,&quot;outofstock&quot;,&quot;onbackorder&quot;],&quot;woocommerceAttributes&quot;:[],&quot;woocommerceHandPickedProducts&quot;:[&quot;26085&quot;,&quot;26112&quot;,&quot;26137&quot;],&quot;filterable&quot;:false,&quot;relatedBy&quot;:{&quot;categories&quot;:true,&quot;tags&quot;:true}}\" data-tag-name=\"div\" class=\"wp-block-woocommerce-product-collection is-layout-flow wp-block-woocommerce-product-collection-is-layout-flow\">\n<h2 class=\"wp-block-heading\" style=\"margin-bottom:1rem\"><span class=\"ez-toc-section\" id=\"Produits_recommandes\"><\/span>Produits recommand\u00e9s<span class=\"ez-toc-section-end\"><\/span><\/h2>\n\n\n<ul data-block-name=\"woocommerce\/product-template\" class=\"wc-block-product-template__responsive columns-5 wc-block-product-template wp-block-woocommerce-product-template is-layout-flow wp-block-woocommerce-product-template-is-layout-flow\" data-wp-on--scroll=\"actions.watchScroll\" data-wp-init=\"callbacks.initResizeObserver\"><li class=\"wc-block-product post-26085 product type-product status-publish has-post-thumbnail product_tag-guide-depargne product_tag-guide-optimisation-financiere-en-suisse product_tag-livre-econome product_tag-livre-economiser product_tag-livre-finances-personnelles product_tag-livre-frugaliste first instock downloadable virtual purchasable product-type-simple\"\n\t\t\t\t\t\n\t\t\t\tdata-wp-interactive=\"woocommerce\/product-collection\"\n\t\t\t\tdata-wp-context='woocommerce\/products::{\"productId\":26085,\"variationId\":null}'\n\t\t\t\tdata-wp-key=\"product-item-26085\"\n\t\t\t\n\t\t\t\t>\n\t\t\t\t\t\n<div data-block-name=\"woocommerce\/product-image\" data-image-sizing=\"thumbnail\" data-is-descendent-of-query-loop=\"true\" data-show-sale-badge=\"false\" class=\"wc-block-components-product-image wc-block-grid__product-image wc-block-components-product-image--aspect-ratio-1-1 wp-block-woocommerce-product-image\"><a href=\"https:\/\/minimalistefrugaliste.com\/en\/produit\/50-astuces-pour-economiser-en-suisse\/\" data-wp-on--click=\"woocommerce\/product-collection::actions.viewProduct\"><img decoding=\"async\" width=\"423\" height=\"600\" src=\"https:\/\/i0.wp.com\/minimalistefrugaliste.com\/wp-content\/uploads\/2026\/04\/1.png?fit=423%2C600&amp;ssl=1\" class=\"attachment-large size-large\" alt=\"Livre E-book - 50 astuces pour \u00e9conomiser en Suisse\" data-testid=\"product-image\" data-image-id=\"26088\" style=\"object-fit:cover;aspect-ratio:1\/1;\" loading=\"lazy\" srcset=\"https:\/\/i0.wp.com\/minimalistefrugaliste.com\/wp-content\/uploads\/2026\/04\/1.png?w=1409&amp;ssl=1 1409w, https:\/\/i0.wp.com\/minimalistefrugaliste.com\/wp-content\/uploads\/2026\/04\/1.png?resize=211%2C300&amp;ssl=1 211w, https:\/\/i0.wp.com\/minimalistefrugaliste.com\/wp-content\/uploads\/2026\/04\/1.png?resize=423%2C600&amp;ssl=1 423w, https:\/\/i0.wp.com\/minimalistefrugaliste.com\/wp-content\/uploads\/2026\/04\/1.png?resize=768%2C1090&amp;ssl=1 768w, https:\/\/i0.wp.com\/minimalistefrugaliste.com\/wp-content\/uploads\/2026\/04\/1.png?resize=1082%2C1536&amp;ssl=1 1082w, https:\/\/i0.wp.com\/minimalistefrugaliste.com\/wp-content\/uploads\/2026\/04\/1.png?resize=8%2C12&amp;ssl=1 8w, https:\/\/i0.wp.com\/minimalistefrugaliste.com\/wp-content\/uploads\/2026\/04\/1.png?resize=1320%2C1874&amp;ssl=1 1320w, https:\/\/i0.wp.com\/minimalistefrugaliste.com\/wp-content\/uploads\/2026\/04\/1.png?resize=600%2C852&amp;ssl=1 600w\" sizes=\"auto, (max-width: 423px) 100vw, 423px\" data-attachment-id=\"26088\" data-permalink=\"https:\/\/minimalistefrugaliste.com\/en\/?attachment_id=26088\" data-orig-file=\"https:\/\/i0.wp.com\/minimalistefrugaliste.com\/wp-content\/uploads\/2026\/04\/1.png?fit=1409%2C2000&amp;ssl=1\" data-orig-size=\"1409,2000\" data-comments-opened=\"1\" data-image-meta=\"{&quot;aperture&quot;:&quot;0&quot;,&quot;credit&quot;:&quot;&quot;,&quot;camera&quot;:&quot;&quot;,&quot;caption&quot;:&quot;&quot;,&quot;created_timestamp&quot;:&quot;0&quot;,&quot;copyright&quot;:&quot;&quot;,&quot;focal_length&quot;:&quot;0&quot;,&quot;iso&quot;:&quot;0&quot;,&quot;shutter_speed&quot;:&quot;0&quot;,&quot;title&quot;:&quot;&quot;,&quot;orientation&quot;:&quot;0&quot;}\" data-image-title=\"1\" data-image-description=\"\" data-image-caption=\"\" data-large-file=\"https:\/\/i0.wp.com\/minimalistefrugaliste.com\/wp-content\/uploads\/2026\/04\/1.png?fit=423%2C600&amp;ssl=1\" \/><div class=\"wc-block-components-product-image__inner-container\">\n\n<\/div><\/a><\/div>\n\n<h2 style=\"line-height:1.4;margin-bottom:0.75rem;margin-top:0\" class=\"wp-block-post-title has-medium-font-size\"><span class=\"ez-toc-section\" id=\"Livre_E-book_%E2%80%93_50_astuces_pour_economiser_en_Suisse\"><\/span><a data-wp-on--click=\"woocommerce\/product-collection::actions.viewProduct\" href=\"https:\/\/minimalistefrugaliste.com\/en\/produit\/50-astuces-pour-economiser-en-suisse\/\" target=\"_self\" >Livre E-book &#8211; 50 astuces pour \u00e9conomiser en Suisse<\/a><span class=\"ez-toc-section-end\"><\/span><\/h2>\n\n<div data-block-name=\"woocommerce\/product-price\" data-font-size=\"small\" data-is-descendent-of-query-loop=\"true\" data-text-align=\"center\" class=\"wp-block-woocommerce-product-price\" ><div class=\"wc-block-components-product-price wc-block-grid__product-price has-font-size has-small-font-size has-text-align-center\" style=\"\" >\n\t\t\t\t\t<span class=\"woocommerce-Price-amount amount\"><bdi><span class=\"woocommerce-Price-currencySymbol\" translate=\"no\">&#67;&#72;&#70;<\/span>&nbsp;15.00<\/bdi><\/span>\n\t\t\t\t<\/div><\/div>\n\n<div data-block-name=\"woocommerce\/product-button\" data-font-size=\"small\" data-is-descendent-of-query-loop=\"true\" data-text-align=\"center\" class=\"wp-block-button wc-block-components-product-button align-center wp-block-woocommerce-product-button has-small-font-size\"\n\t\t\t\t\t\n\t\t\tdata-wp-interactive=\"woocommerce\/product-button\"\n\t\t\n\t\t\t\t\tdata-wp-context='{\"quantityToAdd\":1,\"addToCartText\":\"Add to basket\",\"tempQuantity\":0,\"animationStatus\":\"IDLE\",\"inTheCartText\":\"### in basket\",\"noticeId\":\"\",\"hasPressedButton\":false}'\n\t\t\t\t>\n\t\t\t\t\t<button\n\t\t\t\t\t\tclass=\"wp-block-button__link wp-element-button wc-block-components-product-button__button add_to_cart_button ajax_add_to_cart product_type_simple has-font-size has-small-font-size has-text-align-center wc-interactive\"\n\t\t\t\t\t\tstyle=\"\"\n\t\t\t\t\t\ttype=\"button\" data-product_id=\"26085\" data-product_sku=\"\" aria-label=\"Add to basket: &ldquo;Livre E-book - 50 astuces pour \u00e9conomiser en Suisse&rdquo;\"\n\t\t\t\t\t\tdata-wp-on--click=\"actions.addCartItem\"\n\t\t\t\t\t>\n\t\t\t\t\t<span \n\t\t\tdata-wp-text=\"state.addToCartText\"\n\t\t\tdata-wp-class--wc-block-slide-in=\"state.slideInAnimation\"\n\t\t\tdata-wp-class--wc-block-slide-out=\"state.slideOutAnimation\"\n\t\t\tdata-wp-on--animationend=\"actions.handleAnimationEnd\"\n\t\t\tdata-wp-watch=\"callbacks.startAnimation\"\n\t\t\tdata-wp-run=\"callbacks.syncTempQuantityOnLoad\"\n\t\t>Add to basket<\/span>\n\t\t\t\t\t<\/button>\n\t\t\t\t\t<span\n\t\t\t\thidden\n\t\t\t\tdata-wp-bind--hidden=\"!state.displayViewCart\"\n\t\t\t>\n\t\t\t\t<a\n\t\t\t\t\thref=\"https:\/\/minimalistefrugaliste.com\/en\/panier\/\"\n\t\t\t\t\tclass=\"added_to_cart wc_forward\"\n\t\t\t\t\ttitle=\"View basket\"\n\t\t\t\t>\n\t\t\t\t\tView basket\n\t\t\t\t<\/a>\n\t\t\t<\/span>\n\t\t\t\t<\/div>\n\n\t\t\t\t<\/li><li class=\"wc-block-product post-26112 product type-product status-publish has-post-thumbnail product_tag-guide-complet-investissement product_tag-livre-finances-personnelles product_tag-livre-investissement product_tag-livre-investissement-boursier product_tag-livre-liberte-financiere product_tag-livre-sp-500  instock downloadable virtual purchasable product-type-simple\"\n\t\t\t\t\t\n\t\t\t\tdata-wp-interactive=\"woocommerce\/product-collection\"\n\t\t\t\tdata-wp-context='woocommerce\/products::{\"productId\":26112,\"variationId\":null}'\n\t\t\t\tdata-wp-key=\"product-item-26112\"\n\t\t\t\n\t\t\t\t>\n\t\t\t\t\t\n<div data-block-name=\"woocommerce\/product-image\" data-image-sizing=\"thumbnail\" data-is-descendent-of-query-loop=\"true\" data-show-sale-badge=\"false\" class=\"wc-block-components-product-image wc-block-grid__product-image wc-block-components-product-image--aspect-ratio-1-1 wp-block-woocommerce-product-image\"><a href=\"https:\/\/minimalistefrugaliste.com\/en\/produit\/financer-investir-son-avenir-mode-emploi\/\" data-wp-on--click=\"woocommerce\/product-collection::actions.viewProduct\"><img decoding=\"async\" width=\"384\" height=\"600\" src=\"https:\/\/i0.wp.com\/minimalistefrugaliste.com\/wp-content\/uploads\/2026\/04\/1-1.png?fit=384%2C600&amp;ssl=1\" class=\"attachment-large size-large\" alt=\"Livre E-book - Financer son avenir avec la bourse - mode d&#039;emploi\" data-testid=\"product-image\" data-image-id=\"26114\" style=\"object-fit:cover;aspect-ratio:1\/1;\" loading=\"lazy\" srcset=\"https:\/\/i0.wp.com\/minimalistefrugaliste.com\/wp-content\/uploads\/2026\/04\/1-1.png?w=512&amp;ssl=1 512w, https:\/\/i0.wp.com\/minimalistefrugaliste.com\/wp-content\/uploads\/2026\/04\/1-1.png?resize=192%2C300&amp;ssl=1 192w, https:\/\/i0.wp.com\/minimalistefrugaliste.com\/wp-content\/uploads\/2026\/04\/1-1.png?resize=384%2C600&amp;ssl=1 384w, https:\/\/i0.wp.com\/minimalistefrugaliste.com\/wp-content\/uploads\/2026\/04\/1-1.png?resize=8%2C12&amp;ssl=1 8w\" sizes=\"auto, (max-width: 384px) 100vw, 384px\" data-attachment-id=\"26114\" data-permalink=\"https:\/\/minimalistefrugaliste.com\/en\/?attachment_id=26114\" data-orig-file=\"https:\/\/i0.wp.com\/minimalistefrugaliste.com\/wp-content\/uploads\/2026\/04\/1-1.png?fit=512%2C800&amp;ssl=1\" data-orig-size=\"512,800\" data-comments-opened=\"1\" data-image-meta=\"{&quot;aperture&quot;:&quot;0&quot;,&quot;credit&quot;:&quot;&quot;,&quot;camera&quot;:&quot;&quot;,&quot;caption&quot;:&quot;&quot;,&quot;created_timestamp&quot;:&quot;0&quot;,&quot;copyright&quot;:&quot;&quot;,&quot;focal_length&quot;:&quot;0&quot;,&quot;iso&quot;:&quot;0&quot;,&quot;shutter_speed&quot;:&quot;0&quot;,&quot;title&quot;:&quot;&quot;,&quot;orientation&quot;:&quot;0&quot;}\" data-image-title=\"1\" data-image-description=\"\" data-image-caption=\"\" data-large-file=\"https:\/\/i0.wp.com\/minimalistefrugaliste.com\/wp-content\/uploads\/2026\/04\/1-1.png?fit=384%2C600&amp;ssl=1\" \/><div class=\"wc-block-components-product-image__inner-container\">\n\n<\/div><\/a><\/div>\n\n<h2 style=\"line-height:1.4;margin-bottom:0.75rem;margin-top:0\" class=\"wp-block-post-title has-medium-font-size\"><span class=\"ez-toc-section\" id=\"Livre_E-book_%E2%80%93_Financer_son_avenir_avec_la_bourse_%E2%80%93_mode_demploi\"><\/span><a data-wp-on--click=\"woocommerce\/product-collection::actions.viewProduct\" href=\"https:\/\/minimalistefrugaliste.com\/en\/produit\/financer-investir-son-avenir-mode-emploi\/\" target=\"_self\" >Livre E-book &#8211; Financer son avenir avec la bourse &#8211; mode d&#8217;emploi<\/a><span class=\"ez-toc-section-end\"><\/span><\/h2>\n\n<div data-block-name=\"woocommerce\/product-price\" data-font-size=\"small\" data-is-descendent-of-query-loop=\"true\" data-text-align=\"center\" class=\"wp-block-woocommerce-product-price\" ><div class=\"wc-block-components-product-price wc-block-grid__product-price has-font-size has-small-font-size has-text-align-center\" style=\"\" >\n\t\t\t\t\t<span class=\"woocommerce-Price-amount amount\"><bdi><span class=\"woocommerce-Price-currencySymbol\" translate=\"no\">&#67;&#72;&#70;<\/span>&nbsp;15.00<\/bdi><\/span>\n\t\t\t\t<\/div><\/div>\n\n<div data-block-name=\"woocommerce\/product-button\" data-font-size=\"small\" data-is-descendent-of-query-loop=\"true\" data-text-align=\"center\" class=\"wp-block-button wc-block-components-product-button align-center wp-block-woocommerce-product-button has-small-font-size\"\n\t\t\t\t\t\n\t\t\tdata-wp-interactive=\"woocommerce\/product-button\"\n\t\t\n\t\t\t\t\tdata-wp-context='{\"quantityToAdd\":1,\"addToCartText\":\"Add to basket\",\"tempQuantity\":0,\"animationStatus\":\"IDLE\",\"inTheCartText\":\"### in basket\",\"noticeId\":\"\",\"hasPressedButton\":false}'\n\t\t\t\t>\n\t\t\t\t\t<button\n\t\t\t\t\t\tclass=\"wp-block-button__link wp-element-button wc-block-components-product-button__button add_to_cart_button ajax_add_to_cart product_type_simple has-font-size has-small-font-size has-text-align-center wc-interactive\"\n\t\t\t\t\t\tstyle=\"\"\n\t\t\t\t\t\ttype=\"button\" data-product_id=\"26112\" data-product_sku=\"\" aria-label=\"Add to basket: &ldquo;Livre E-book - Financer son avenir avec la bourse - mode d&#039;emploi&rdquo;\"\n\t\t\t\t\t\tdata-wp-on--click=\"actions.addCartItem\"\n\t\t\t\t\t>\n\t\t\t\t\t<span \n\t\t\tdata-wp-text=\"state.addToCartText\"\n\t\t\tdata-wp-class--wc-block-slide-in=\"state.slideInAnimation\"\n\t\t\tdata-wp-class--wc-block-slide-out=\"state.slideOutAnimation\"\n\t\t\tdata-wp-on--animationend=\"actions.handleAnimationEnd\"\n\t\t\tdata-wp-watch=\"callbacks.startAnimation\"\n\t\t\tdata-wp-run=\"callbacks.syncTempQuantityOnLoad\"\n\t\t>Add to basket<\/span>\n\t\t\t\t\t<\/button>\n\t\t\t\t\t<span\n\t\t\t\thidden\n\t\t\t\tdata-wp-bind--hidden=\"!state.displayViewCart\"\n\t\t\t>\n\t\t\t\t<a\n\t\t\t\t\thref=\"https:\/\/minimalistefrugaliste.com\/en\/panier\/\"\n\t\t\t\t\tclass=\"added_to_cart wc_forward\"\n\t\t\t\t\ttitle=\"View basket\"\n\t\t\t\t>\n\t\t\t\t\tView basket\n\t\t\t\t<\/a>\n\t\t\t<\/span>\n\t\t\t\t<\/div>\n\n\t\t\t\t<\/li><li class=\"wc-block-product post-26137 product type-product status-publish has-post-thumbnail product_tag-anti-surconsommation product_tag-autodiscipline product_tag-autonomie product_tag-ecologie product_tag-economie product_tag-epargne product_tag-bien-etre product_tag-bonheur product_tag-bonheur-durable product_tag-consommation-consciente product_tag-desencombrement product_tag-developpement-personnel product_tag-essentialisme product_tag-frugalite product_tag-liberte-financiere product_tag-minimalisme product_tag-mode-de-vie-alternatif product_tag-moins-mais-mieux product_tag-simplicite-volontaire product_tag-slow-living product_tag-sobriete-heureuse product_tag-vie-simple  instock downloadable shipping-taxable purchasable product-type-simple\"\n\t\t\t\t\t\n\t\t\t\tdata-wp-interactive=\"woocommerce\/product-collection\"\n\t\t\t\tdata-wp-context='woocommerce\/products::{\"productId\":26137,\"variationId\":null}'\n\t\t\t\tdata-wp-key=\"product-item-26137\"\n\t\t\t\n\t\t\t\t>\n\t\t\t\t\t\n<div data-block-name=\"woocommerce\/product-image\" data-image-sizing=\"thumbnail\" data-is-descendent-of-query-loop=\"true\" data-show-sale-badge=\"false\" class=\"wc-block-components-product-image wc-block-grid__product-image wc-block-components-product-image--aspect-ratio-1-1 wp-block-woocommerce-product-image\"><a href=\"https:\/\/minimalistefrugaliste.com\/en\/produit\/libere-toi-de-la-surconsommation\/\" data-wp-on--click=\"woocommerce\/product-collection::actions.viewProduct\"><img decoding=\"async\" width=\"376\" height=\"600\" src=\"https:\/\/i0.wp.com\/minimalistefrugaliste.com\/wp-content\/uploads\/2026\/05\/pochette-libere-toi-de-la-surconsommation.jpg?fit=376%2C600&amp;ssl=1\" class=\"attachment-large size-large\" alt=\"Guide E-book - Lib\u00e8re-toi de la surconsommation\" data-testid=\"product-image\" data-image-id=\"26138\" style=\"object-fit:cover;aspect-ratio:1\/1;\" loading=\"lazy\" srcset=\"https:\/\/i0.wp.com\/minimalistefrugaliste.com\/wp-content\/uploads\/2026\/05\/pochette-libere-toi-de-la-surconsommation.jpg?w=1410&amp;ssl=1 1410w, https:\/\/i0.wp.com\/minimalistefrugaliste.com\/wp-content\/uploads\/2026\/05\/pochette-libere-toi-de-la-surconsommation.jpg?resize=188%2C300&amp;ssl=1 188w, https:\/\/i0.wp.com\/minimalistefrugaliste.com\/wp-content\/uploads\/2026\/05\/pochette-libere-toi-de-la-surconsommation.jpg?resize=376%2C600&amp;ssl=1 376w, https:\/\/i0.wp.com\/minimalistefrugaliste.com\/wp-content\/uploads\/2026\/05\/pochette-libere-toi-de-la-surconsommation.jpg?resize=768%2C1226&amp;ssl=1 768w, https:\/\/i0.wp.com\/minimalistefrugaliste.com\/wp-content\/uploads\/2026\/05\/pochette-libere-toi-de-la-surconsommation.jpg?resize=963%2C1536&amp;ssl=1 963w, https:\/\/i0.wp.com\/minimalistefrugaliste.com\/wp-content\/uploads\/2026\/05\/pochette-libere-toi-de-la-surconsommation.jpg?resize=1283%2C2048&amp;ssl=1 1283w, https:\/\/i0.wp.com\/minimalistefrugaliste.com\/wp-content\/uploads\/2026\/05\/pochette-libere-toi-de-la-surconsommation.jpg?resize=8%2C12&amp;ssl=1 8w, https:\/\/i0.wp.com\/minimalistefrugaliste.com\/wp-content\/uploads\/2026\/05\/pochette-libere-toi-de-la-surconsommation.jpg?resize=1320%2C2106&amp;ssl=1 1320w, https:\/\/i0.wp.com\/minimalistefrugaliste.com\/wp-content\/uploads\/2026\/05\/pochette-libere-toi-de-la-surconsommation.jpg?resize=600%2C957&amp;ssl=1 600w\" sizes=\"auto, (max-width: 376px) 100vw, 376px\" data-attachment-id=\"26138\" data-permalink=\"https:\/\/minimalistefrugaliste.com\/en\/?attachment_id=26138\" data-orig-file=\"https:\/\/i0.wp.com\/minimalistefrugaliste.com\/wp-content\/uploads\/2026\/05\/pochette-libere-toi-de-la-surconsommation.jpg?fit=1410%2C2250&amp;ssl=1\" data-orig-size=\"1410,2250\" data-comments-opened=\"1\" data-image-meta=\"{&quot;aperture&quot;:&quot;0&quot;,&quot;credit&quot;:&quot;&quot;,&quot;camera&quot;:&quot;&quot;,&quot;caption&quot;:&quot;&quot;,&quot;created_timestamp&quot;:&quot;0&quot;,&quot;copyright&quot;:&quot;&quot;,&quot;focal_length&quot;:&quot;0&quot;,&quot;iso&quot;:&quot;0&quot;,&quot;shutter_speed&quot;:&quot;0&quot;,&quot;title&quot;:&quot;&quot;,&quot;orientation&quot;:&quot;1&quot;,&quot;alt&quot;:&quot;&quot;}\" data-image-title=\"pochette lib\u00e8re-toi de la surconsommation\" data-image-description=\"\" data-image-caption=\"\" data-large-file=\"https:\/\/i0.wp.com\/minimalistefrugaliste.com\/wp-content\/uploads\/2026\/05\/pochette-libere-toi-de-la-surconsommation.jpg?fit=376%2C600&amp;ssl=1\" \/><div class=\"wc-block-components-product-image__inner-container\">\n\n<\/div><\/a><\/div>\n\n<h2 style=\"line-height:1.4;margin-bottom:0.75rem;margin-top:0\" class=\"wp-block-post-title has-medium-font-size\"><span class=\"ez-toc-section\" id=\"Guide_E-book_%E2%80%93_Libere-toi_de_la_surconsommation\"><\/span><a data-wp-on--click=\"woocommerce\/product-collection::actions.viewProduct\" href=\"https:\/\/minimalistefrugaliste.com\/en\/produit\/libere-toi-de-la-surconsommation\/\" target=\"_self\" >Guide E-book &#8211; Lib\u00e8re-toi de la surconsommation<\/a><span class=\"ez-toc-section-end\"><\/span><\/h2>\n\n<div data-block-name=\"woocommerce\/product-price\" data-font-size=\"small\" data-is-descendent-of-query-loop=\"true\" data-text-align=\"center\" class=\"wp-block-woocommerce-product-price\" ><div class=\"wc-block-components-product-price wc-block-grid__product-price has-font-size has-small-font-size has-text-align-center\" style=\"\" >\n\t\t\t\t\t<span class=\"woocommerce-Price-amount amount\"><bdi><span class=\"woocommerce-Price-currencySymbol\" translate=\"no\">&#67;&#72;&#70;<\/span>&nbsp;10.00<\/bdi><\/span>\n\t\t\t\t<\/div><\/div>\n\n<div data-block-name=\"woocommerce\/product-button\" data-font-size=\"small\" data-is-descendent-of-query-loop=\"true\" data-text-align=\"center\" class=\"wp-block-button wc-block-components-product-button align-center wp-block-woocommerce-product-button has-small-font-size\"\n\t\t\t\t\t\n\t\t\tdata-wp-interactive=\"woocommerce\/product-button\"\n\t\t\n\t\t\t\t\tdata-wp-context='{\"quantityToAdd\":1,\"addToCartText\":\"Add to basket\",\"tempQuantity\":0,\"animationStatus\":\"IDLE\",\"inTheCartText\":\"### in basket\",\"noticeId\":\"\",\"hasPressedButton\":false}'\n\t\t\t\t>\n\t\t\t\t\t<button\n\t\t\t\t\t\tclass=\"wp-block-button__link wp-element-button wc-block-components-product-button__button add_to_cart_button ajax_add_to_cart product_type_simple has-font-size has-small-font-size has-text-align-center wc-interactive\"\n\t\t\t\t\t\tstyle=\"\"\n\t\t\t\t\t\ttype=\"button\" data-product_id=\"26137\" data-product_sku=\"\" aria-label=\"Add to basket: &ldquo;Guide E-book - Lib\u00e8re-toi de la surconsommation&rdquo;\"\n\t\t\t\t\t\tdata-wp-on--click=\"actions.addCartItem\"\n\t\t\t\t\t>\n\t\t\t\t\t<span \n\t\t\tdata-wp-text=\"state.addToCartText\"\n\t\t\tdata-wp-class--wc-block-slide-in=\"state.slideInAnimation\"\n\t\t\tdata-wp-class--wc-block-slide-out=\"state.slideOutAnimation\"\n\t\t\tdata-wp-on--animationend=\"actions.handleAnimationEnd\"\n\t\t\tdata-wp-watch=\"callbacks.startAnimation\"\n\t\t\tdata-wp-run=\"callbacks.syncTempQuantityOnLoad\"\n\t\t>Add to basket<\/span>\n\t\t\t\t\t<\/button>\n\t\t\t\t\t<span\n\t\t\t\thidden\n\t\t\t\tdata-wp-bind--hidden=\"!state.displayViewCart\"\n\t\t\t>\n\t\t\t\t<a\n\t\t\t\t\thref=\"https:\/\/minimalistefrugaliste.com\/en\/panier\/\"\n\t\t\t\t\tclass=\"added_to_cart wc_forward\"\n\t\t\t\t\ttitle=\"View basket\"\n\t\t\t\t>\n\t\t\t\t\tView basket\n\t\t\t\t<\/a>\n\t\t\t<\/span>\n\t\t\t\t<\/div>\n\n\t\t\t\t<\/li><\/ul>\n\n<\/div>\n\n\n\n<p class=\"has-text-align-center has-background has-gabarito-font-family wp-block-paragraph\" style=\"background-color:#0c004d\"><em><strong>Note : Mon objectif avec cet article n&#8217;est pas de critiquer ou d&#8217;embellir la Suisse. C&#8217;est juste une opinion personnelle par mon exp\u00e9rience v\u00e9cu en Suisse.<\/strong><\/em><\/p>\n\n\n\n<p class=\"has-text-align-center wp-block-paragraph\">Avant de donner mon avis concernant les 10 particularit\u00e9s surprenantes de l&#8217;\u00e9conomie suisse. Examinons comment la Suisse est per\u00e7ue \u00e0 l&#8217;international?<\/p>\n\n\n\n<figure data-wp-context=\"{&quot;imageId&quot;:&quot;6a970d879d155&quot;}\" data-wp-interactive=\"core\/image\" data-wp-key=\"6a970d879d155\" class=\"wp-block-image aligncenter size-full is-resized wp-lightbox-container\"><img data-recalc-dims=\"1\" loading=\"lazy\" decoding=\"async\" width=\"498\" height=\"280\" data-attachment-id=\"19872\" data-permalink=\"https:\/\/minimalistefrugaliste.com\/en\/investir-robo-advisor-avantages-et-inconvenients\/switzerlandflaggif-2-3\/\" data-orig-file=\"https:\/\/i0.wp.com\/minimalistefrugaliste.com\/wp-content\/uploads\/2024\/08\/SwitzerlandFlagGIF-2.gif?fit=498%2C280&amp;ssl=1\" data-orig-size=\"498,280\" data-comments-opened=\"1\" data-image-meta=\"{&quot;aperture&quot;:&quot;0&quot;,&quot;credit&quot;:&quot;&quot;,&quot;camera&quot;:&quot;&quot;,&quot;caption&quot;:&quot;&quot;,&quot;created_timestamp&quot;:&quot;0&quot;,&quot;copyright&quot;:&quot;&quot;,&quot;focal_length&quot;:&quot;0&quot;,&quot;iso&quot;:&quot;0&quot;,&quot;shutter_speed&quot;:&quot;0&quot;,&quot;title&quot;:&quot;&quot;,&quot;orientation&quot;:&quot;0&quot;}\" data-image-title=\"SwitzerlandFlagGIF (2)\" data-image-description=\"\" data-image-caption=\"\" data-large-file=\"https:\/\/i0.wp.com\/minimalistefrugaliste.com\/wp-content\/uploads\/2024\/08\/SwitzerlandFlagGIF-2.gif?fit=498%2C280&amp;ssl=1\" data-wp-class--hide=\"state.isContentHidden\" data-wp-class--show=\"state.isContentVisible\" data-wp-init=\"callbacks.setButtonStyles\" data-wp-on--click=\"actions.showLightbox\" data-wp-on--load=\"callbacks.setButtonStyles\" data-wp-on--pointerdown=\"actions.preloadImage\" data-wp-on--pointerenter=\"actions.preloadImageWithDelay\" data-wp-on--pointerleave=\"actions.cancelPreload\" data-wp-on-window--resize=\"callbacks.setButtonStyles\" src=\"https:\/\/i0.wp.com\/minimalistefrugaliste.com\/wp-content\/uploads\/2024\/08\/SwitzerlandFlagGIF-2.gif?resize=498%2C280&#038;ssl=1\" alt=\"10 particularit\u00e9s surprenantes de l'\u00e9conomie suisse\" class=\"wp-image-19872\" style=\"width:141px;height:auto\"\/><button\n\t\t\tclass=\"lightbox-trigger\"\n\t\t\ttype=\"button\"\n\t\t\taria-haspopup=\"dialog\"\n\t\t\tdata-wp-bind--aria-label=\"state.thisImage.triggerButtonAriaLabel\"\n\t\t\tdata-wp-init=\"callbacks.initTriggerButton\"\n\t\t\tdata-wp-on--click=\"actions.showLightbox\"\n\t\t\tdata-wp-style--right=\"state.thisImage.buttonRight\"\n\t\t\tdata-wp-style--top=\"state.thisImage.buttonTop\"\n\t\t>\n\t\t\t<svg xmlns=\"http:\/\/www.w3.org\/2000\/svg\" width=\"12\" height=\"12\" fill=\"none\" viewBox=\"0 0 12 12\">\n\t\t\t\t<path fill=\"#fff\" d=\"M2 0a2 2 0 0 0-2 2v2h1.5V2a.5.5 0 0 1 .5-.5h2V0H2Zm2 10.5H2a.5.5 0 0 1-.5-.5V8H0v2a2 2 0 0 0 2 2h2v-1.5ZM8 12v-1.5h2a.5.5 0 0 0 .5-.5V8H12v2a2 2 0 0 1-2 2H8Zm2-12a2 2 0 0 1 2 2v2h-1.5V2a.5.5 0 0 0-.5-.5H8V0h2Z\" \/>\n\t\t\t<\/svg>\n\t\t<\/button><\/figure>\n\n\n\n<h5 class=\"wp-block-heading has-text-align-center has-background-color has-white-background-color has-text-color has-background has-link-color wp-elements-2\"><span class=\"ez-toc-section\" id=\"Comment_la_Suisse_est-elle_connue_a_letranger\"><\/span><strong>Comment la Suisse est-elle connue \u00e0 l&#8217;\u00e9tranger?<\/strong><span class=\"ez-toc-section-end\"><\/span><\/h5>\n\n\n\n<ul class=\"wp-block-list\">\n<li class=\"has-pale-pink-color has-text-color has-link-color wp-elements-3\"><strong>Culture &amp; g\u00e9ographie suisse<\/strong><\/li>\n<\/ul>\n\n\n\n<p class=\"has-text-align-center has-luminous-vivid-amber-color has-text-color has-link-color wp-elements-4 wp-block-paragraph\"><strong>La Suisse est un pays connu en Europe. En dehors de l&#8217;Europe, ce n&#8217;est pas un pays tr\u00e8s connu.<\/strong><\/p>\n\n\n\n<p class=\"has-text-align-center wp-block-paragraph\">D&#8217;un point de vue culturel, la Suisse est connue pour ses lacs, ses montagnes et son chocolat.<\/p>\n\n\n\n<p class=\"has-text-align-center wp-block-paragraph\">La Suisse \u00e0 la particularit\u00e9 d&#8217;avoir 4 langues officielles. <\/p>\n\n\n\n<ul class=\"wp-block-list\">\n<li>Allemand<\/li>\n\n\n\n<li>Fran\u00e7ais<\/li>\n\n\n\n<li>Italien (dans le canton du Tessin)<\/li>\n\n\n\n<li>Romanche (une langue encore pratiqu\u00e9e dans la r\u00e9gion des grisons)<\/li>\n<\/ul>\n\n\n\n<p class=\"has-text-align-center wp-block-paragraph\">L&#8217;anglais, bien qu&#8217;elle ne soit pas une langue officielle. C&#8217;est une langue tr\u00e8s courante au niveau administratif suisse.<\/p>\n\n\n\n<p class=\"has-text-align-center wp-block-paragraph\">Les villes les plus connues en Suisses sont Zurich, B\u00e2le, Berne, Lausanne et Gen\u00e8ve.<\/p>\n\n\n\n<p class=\"has-text-align-center wp-block-paragraph\">Les fran\u00e7ais et les belges connaissent principalement la Suisse romande. C&#8217;est-\u00e0-dire, la partie suisse o\u00f9 on parle fran\u00e7ais et Italien. Principalement le canton de Gen\u00e8ve, le canton de Vaud, le canton de Neuch\u00e2tel et le canton du Valais. Ainsi que le lac L\u00e9man qui est un lac Franco-Suisse.<\/p>\n\n\n\n<ul class=\"wp-block-list\">\n<li class=\"has-pale-pink-color has-text-color has-link-color wp-elements-5\"><strong>L&#8217;\u00e9conomie suisse<\/strong><\/li>\n<\/ul>\n\n\n\n<p class=\"has-text-align-center wp-block-paragraph\">D&#8217;un point de vue \u00e9conomique, la Suisse est principalement r\u00e9put\u00e9e pour les salaires \u00e9lev\u00e9es.<\/p>\n\n\n\n<p class=\"has-text-align-center wp-block-paragraph\">C&#8217;est pour cette raison que les communes frontali\u00e8res en France ont \u00e9norm\u00e9ment de travailleurs frontaliers. En effet, beaucoup de frontaliers fran\u00e7ais viennent en Suisse romande trouver un job en Suisse (ou voler l&#8217;emploi des r\u00e9sidents suisses selon le point de vue). Principalement dans la r\u00e9gion de Gen\u00e8ve, Nyon et Lausanne.<\/p>\n\n\n\n<p class=\"has-text-align-center wp-block-paragraph\">Notons que les salaires suisses qui sont \u00e9lev\u00e9s (comparativement aux salaires europ\u00e9ens) attirent de nombreux ressortissants europ\u00e9ens \u00e0 venir r\u00e9sider en Suisse. Ce f\u00fbt le cas de mes parents portugais par exemple.<\/p>\n\n\n\n<p class=\"has-text-align-center wp-block-paragraph\">Par contre, est-ce que les salaires \u00e9lev\u00e9s permettent d&#8217;avoir une bonne qualit\u00e9 de vie pour vivre en Suisse?<\/p>\n\n\n\n<p class=\"has-text-align-center has-luminous-vivid-amber-color has-text-color has-link-color wp-elements-6 wp-block-paragraph\">\ud83d\udc49 <strong>Avec cet article, j&#8217;ai d\u00e9cid\u00e9 de partager, selon mon opinion, les 5 aspects financiers incroyablement positifs et les 5 aspects financiers tristement n\u00e9gatifs en Suisse<\/strong> \ud83d\ude03<\/p>\n\n\n\n<figure data-wp-context=\"{&quot;imageId&quot;:&quot;6a970d879f568&quot;}\" data-wp-interactive=\"core\/image\" data-wp-key=\"6a970d879f568\" class=\"wp-block-image aligncenter size-large is-resized has-custom-border wp-lightbox-container\"><img data-recalc-dims=\"1\" loading=\"lazy\" decoding=\"async\" width=\"600\" height=\"600\" data-attachment-id=\"20628\" data-permalink=\"https:\/\/minimalistefrugaliste.com\/en\/10-particularites-surprenantes-de-leconomie-suisse\/photo-suisse-10\/\" data-orig-file=\"https:\/\/i0.wp.com\/minimalistefrugaliste.com\/wp-content\/uploads\/2025\/02\/photo-suisse-10.jpg?fit=1024%2C1024&amp;ssl=1\" data-orig-size=\"1024,1024\" data-comments-opened=\"1\" data-image-meta=\"{&quot;aperture&quot;:&quot;0&quot;,&quot;credit&quot;:&quot;&quot;,&quot;camera&quot;:&quot;&quot;,&quot;caption&quot;:&quot;&quot;,&quot;created_timestamp&quot;:&quot;0&quot;,&quot;copyright&quot;:&quot;&quot;,&quot;focal_length&quot;:&quot;0&quot;,&quot;iso&quot;:&quot;0&quot;,&quot;shutter_speed&quot;:&quot;0&quot;,&quot;title&quot;:&quot;&quot;,&quot;orientation&quot;:&quot;0&quot;}\" data-image-title=\"photo suisse 10\" data-image-description=\"\" data-image-caption=\"\" data-large-file=\"https:\/\/i0.wp.com\/minimalistefrugaliste.com\/wp-content\/uploads\/2025\/02\/photo-suisse-10.jpg?fit=600%2C600&amp;ssl=1\" data-wp-class--hide=\"state.isContentHidden\" data-wp-class--show=\"state.isContentVisible\" data-wp-init=\"callbacks.setButtonStyles\" data-wp-on--click=\"actions.showLightbox\" data-wp-on--load=\"callbacks.setButtonStyles\" data-wp-on--pointerdown=\"actions.preloadImage\" data-wp-on--pointerenter=\"actions.preloadImageWithDelay\" data-wp-on--pointerleave=\"actions.cancelPreload\" data-wp-on-window--resize=\"callbacks.setButtonStyles\" src=\"https:\/\/i0.wp.com\/minimalistefrugaliste.com\/wp-content\/uploads\/2025\/02\/photo-suisse-10.jpg?resize=600%2C600&#038;ssl=1\" alt=\"10 particularit\u00e9s surprenantes de l'\u00e9conomie suisse\" class=\"has-border-color has-luminous-vivid-orange-border-color wp-image-20628\" style=\"border-width:9px;width:122px;height:auto\" srcset=\"https:\/\/i0.wp.com\/minimalistefrugaliste.com\/wp-content\/uploads\/2025\/02\/photo-suisse-10.jpg?resize=600%2C600&amp;ssl=1 600w, https:\/\/i0.wp.com\/minimalistefrugaliste.com\/wp-content\/uploads\/2025\/02\/photo-suisse-10.jpg?resize=300%2C300&amp;ssl=1 300w, https:\/\/i0.wp.com\/minimalistefrugaliste.com\/wp-content\/uploads\/2025\/02\/photo-suisse-10.jpg?resize=150%2C150&amp;ssl=1 150w, https:\/\/i0.wp.com\/minimalistefrugaliste.com\/wp-content\/uploads\/2025\/02\/photo-suisse-10.jpg?resize=768%2C768&amp;ssl=1 768w, https:\/\/i0.wp.com\/minimalistefrugaliste.com\/wp-content\/uploads\/2025\/02\/photo-suisse-10.jpg?resize=12%2C12&amp;ssl=1 12w, https:\/\/i0.wp.com\/minimalistefrugaliste.com\/wp-content\/uploads\/2025\/02\/photo-suisse-10.jpg?resize=800%2C800&amp;ssl=1 800w, https:\/\/i0.wp.com\/minimalistefrugaliste.com\/wp-content\/uploads\/2025\/02\/photo-suisse-10.jpg?resize=400%2C400&amp;ssl=1 400w, https:\/\/i0.wp.com\/minimalistefrugaliste.com\/wp-content\/uploads\/2025\/02\/photo-suisse-10.jpg?resize=200%2C200&amp;ssl=1 200w, https:\/\/i0.wp.com\/minimalistefrugaliste.com\/wp-content\/uploads\/2025\/02\/photo-suisse-10.jpg?w=1024&amp;ssl=1 1024w\" sizes=\"auto, (max-width: 600px) 100vw, 600px\" \/><button\n\t\t\tclass=\"lightbox-trigger\"\n\t\t\ttype=\"button\"\n\t\t\taria-haspopup=\"dialog\"\n\t\t\tdata-wp-bind--aria-label=\"state.thisImage.triggerButtonAriaLabel\"\n\t\t\tdata-wp-init=\"callbacks.initTriggerButton\"\n\t\t\tdata-wp-on--click=\"actions.showLightbox\"\n\t\t\tdata-wp-style--right=\"state.thisImage.buttonRight\"\n\t\t\tdata-wp-style--top=\"state.thisImage.buttonTop\"\n\t\t>\n\t\t\t<svg xmlns=\"http:\/\/www.w3.org\/2000\/svg\" width=\"12\" height=\"12\" fill=\"none\" viewBox=\"0 0 12 12\">\n\t\t\t\t<path fill=\"#fff\" d=\"M2 0a2 2 0 0 0-2 2v2h1.5V2a.5.5 0 0 1 .5-.5h2V0H2Zm2 10.5H2a.5.5 0 0 1-.5-.5V8H0v2a2 2 0 0 0 2 2h2v-1.5ZM8 12v-1.5h2a.5.5 0 0 0 .5-.5V8H12v2a2 2 0 0 1-2 2H8Zm2-12a2 2 0 0 1 2 2v2h-1.5V2a.5.5 0 0 0-.5-.5H8V0h2Z\" \/>\n\t\t\t<\/svg>\n\t\t<\/button><\/figure>\n\n\n\n<p class=\"has-text-align-center has-light-green-cyan-color has-text-color has-link-color wp-elements-7 wp-block-paragraph\"><strong>10 particularit\u00e9s surprenantes de l&#8217;\u00e9conomie suisse<\/strong><\/p>\n\n\n\n<h5 class=\"wp-block-heading has-text-align-center has-background-color has-white-background-color has-text-color has-background has-link-color wp-elements-8\"><span class=\"ez-toc-section\" id=\"5_Points_Positifs_%F0%9F%91%8D\"><\/span><strong>5 Points Positifs<\/strong> \ud83d\udc4d<span class=\"ez-toc-section-end\"><\/span><\/h5>\n\n\n\n<p class=\"has-text-align-center has-luminous-vivid-amber-color has-text-color has-link-color wp-elements-9 wp-block-paragraph\"><strong>Analysons les principaux points positifs concernant l&#8217;\u00e9conomie. Il y en a plusieurs points financiers int\u00e9ressants. Mais voici mon top 5 !<\/strong><\/p>\n\n\n\n<figure data-wp-context=\"{&quot;imageId&quot;:&quot;6a970d87a05f1&quot;}\" data-wp-interactive=\"core\/image\" data-wp-key=\"6a970d87a05f1\" class=\"wp-block-image aligncenter size-large is-resized wp-lightbox-container\"><img data-recalc-dims=\"1\" loading=\"lazy\" decoding=\"async\" width=\"600\" height=\"600\" data-attachment-id=\"20631\" data-permalink=\"https:\/\/minimalistefrugaliste.com\/en\/10-particularites-surprenantes-de-leconomie-suisse\/5-bien\/\" data-orig-file=\"https:\/\/i0.wp.com\/minimalistefrugaliste.com\/wp-content\/uploads\/2025\/02\/5-bien.jpg?fit=1024%2C1024&amp;ssl=1\" data-orig-size=\"1024,1024\" data-comments-opened=\"1\" data-image-meta=\"{&quot;aperture&quot;:&quot;0&quot;,&quot;credit&quot;:&quot;&quot;,&quot;camera&quot;:&quot;&quot;,&quot;caption&quot;:&quot;&quot;,&quot;created_timestamp&quot;:&quot;0&quot;,&quot;copyright&quot;:&quot;&quot;,&quot;focal_length&quot;:&quot;0&quot;,&quot;iso&quot;:&quot;0&quot;,&quot;shutter_speed&quot;:&quot;0&quot;,&quot;title&quot;:&quot;&quot;,&quot;orientation&quot;:&quot;0&quot;}\" data-image-title=\"5 bien\" data-image-description=\"\" data-image-caption=\"\" data-large-file=\"https:\/\/i0.wp.com\/minimalistefrugaliste.com\/wp-content\/uploads\/2025\/02\/5-bien.jpg?fit=600%2C600&amp;ssl=1\" data-wp-class--hide=\"state.isContentHidden\" data-wp-class--show=\"state.isContentVisible\" data-wp-init=\"callbacks.setButtonStyles\" data-wp-on--click=\"actions.showLightbox\" data-wp-on--load=\"callbacks.setButtonStyles\" data-wp-on--pointerdown=\"actions.preloadImage\" data-wp-on--pointerenter=\"actions.preloadImageWithDelay\" data-wp-on--pointerleave=\"actions.cancelPreload\" data-wp-on-window--resize=\"callbacks.setButtonStyles\" src=\"https:\/\/i0.wp.com\/minimalistefrugaliste.com\/wp-content\/uploads\/2025\/02\/5-bien.jpg?resize=600%2C600&#038;ssl=1\" alt=\"10 particularit\u00e9s surprenantes de l'\u00e9conomie suisse\" class=\"wp-image-20631\" style=\"width:105px;height:auto\" srcset=\"https:\/\/i0.wp.com\/minimalistefrugaliste.com\/wp-content\/uploads\/2025\/02\/5-bien.jpg?resize=600%2C600&amp;ssl=1 600w, https:\/\/i0.wp.com\/minimalistefrugaliste.com\/wp-content\/uploads\/2025\/02\/5-bien.jpg?resize=300%2C300&amp;ssl=1 300w, https:\/\/i0.wp.com\/minimalistefrugaliste.com\/wp-content\/uploads\/2025\/02\/5-bien.jpg?resize=150%2C150&amp;ssl=1 150w, https:\/\/i0.wp.com\/minimalistefrugaliste.com\/wp-content\/uploads\/2025\/02\/5-bien.jpg?resize=768%2C768&amp;ssl=1 768w, https:\/\/i0.wp.com\/minimalistefrugaliste.com\/wp-content\/uploads\/2025\/02\/5-bien.jpg?resize=12%2C12&amp;ssl=1 12w, https:\/\/i0.wp.com\/minimalistefrugaliste.com\/wp-content\/uploads\/2025\/02\/5-bien.jpg?resize=800%2C800&amp;ssl=1 800w, https:\/\/i0.wp.com\/minimalistefrugaliste.com\/wp-content\/uploads\/2025\/02\/5-bien.jpg?resize=400%2C400&amp;ssl=1 400w, https:\/\/i0.wp.com\/minimalistefrugaliste.com\/wp-content\/uploads\/2025\/02\/5-bien.jpg?resize=200%2C200&amp;ssl=1 200w, https:\/\/i0.wp.com\/minimalistefrugaliste.com\/wp-content\/uploads\/2025\/02\/5-bien.jpg?w=1024&amp;ssl=1 1024w\" sizes=\"auto, (max-width: 600px) 100vw, 600px\" \/><button\n\t\t\tclass=\"lightbox-trigger\"\n\t\t\ttype=\"button\"\n\t\t\taria-haspopup=\"dialog\"\n\t\t\tdata-wp-bind--aria-label=\"state.thisImage.triggerButtonAriaLabel\"\n\t\t\tdata-wp-init=\"callbacks.initTriggerButton\"\n\t\t\tdata-wp-on--click=\"actions.showLightbox\"\n\t\t\tdata-wp-style--right=\"state.thisImage.buttonRight\"\n\t\t\tdata-wp-style--top=\"state.thisImage.buttonTop\"\n\t\t>\n\t\t\t<svg xmlns=\"http:\/\/www.w3.org\/2000\/svg\" width=\"12\" height=\"12\" fill=\"none\" viewBox=\"0 0 12 12\">\n\t\t\t\t<path fill=\"#fff\" d=\"M2 0a2 2 0 0 0-2 2v2h1.5V2a.5.5 0 0 1 .5-.5h2V0H2Zm2 10.5H2a.5.5 0 0 1-.5-.5V8H0v2a2 2 0 0 0 2 2h2v-1.5ZM8 12v-1.5h2a.5.5 0 0 0 .5-.5V8H12v2a2 2 0 0 1-2 2H8Zm2-12a2 2 0 0 1 2 2v2h-1.5V2a.5.5 0 0 0-.5-.5H8V0h2Z\" \/>\n\t\t\t<\/svg>\n\t\t<\/button><\/figure>\n\n\n\n<h5 class=\"wp-block-heading has-text-align-center has-background-color has-pale-cyan-blue-background-color has-text-color has-background has-link-color wp-elements-10\"><span class=\"ez-toc-section\" id=\"1%F0%9F%91%8D_%E2%80%93_Taux_de_chomage_tres_bas_%F0%9F%A7%91%E2%80%8D%F0%9F%8C%BE\"><\/span>1\ud83d\udc4d &#8211; <strong>Taux de ch\u00f4mage tr\u00e8s bas<\/strong> \ud83e\uddd1\u200d\ud83c\udf3e<span class=\"ez-toc-section-end\"><\/span><\/h5>\n\n\n\n<p class=\"has-text-align-center wp-block-paragraph\">En Suisse, le taux de ch\u00f4mage est bas. Selon le journal le temps<sup><a href=\"https:\/\/www.rts.ch\/info\/economie\/2024\/article\/le-taux-de-chomage-en-suisse-a-enregistre-une-hausse-marquee-au-deuxieme-trimestre-28603791.html\" target=\"_blank\" rel=\"noreferrer noopener\">1<\/a><\/sup>, il est de 4.2%.<\/p>\n\n\n\n<p class=\"has-text-align-center wp-block-paragraph\">En plus, selon l&#8217;IA, <strong><mark style=\"background-color:rgba(0, 0, 0, 0);color:#f9f9d5\" class=\"has-inline-color\">certains cantons suisses ont des taux de ch\u00f4mage incroyablement bas, inf\u00e9rieur \u00e0 2.5%.<\/mark><\/strong><\/p>\n\n\n\n<p class=\"has-text-align-center has-luminous-vivid-amber-color has-text-color has-link-color wp-elements-11 wp-block-paragraph\">\ud83d\udc49 <strong>Cette particularit\u00e9 favorise la stabilit\u00e9 de l&#8217;emploi ainsi que la n\u00e9gociation des salaires.<\/strong><\/p>\n\n\n\n<p class=\"has-text-align-center wp-block-paragraph\">De ce fait, trouver un emploi en Suisse est relativement facile dans l&#8217;ensemble. Par contre, certains secteurs d&#8217;activit\u00e9 peuvent \u00eatre satur\u00e9s.<\/p>\n\n\n\n<p class=\"has-text-align-center wp-block-paragraph\">Notons que c&#8217;est un aspect primordial concernant les finances personnelles et le frugalisme. Afin de maintenir un bon niveau de vie \ud83d\ude01<\/p>\n\n\n\n<h5 class=\"wp-block-heading has-text-align-center has-background-color has-pale-cyan-blue-background-color has-text-color has-background has-link-color wp-elements-12\"><span class=\"ez-toc-section\" id=\"2%F0%9F%91%8D_%E2%80%93_Compte_3a_%F0%9F%8F%A6\"><\/span>2\ud83d\udc4d &#8211; <strong>Compte 3a<\/strong> \ud83c\udfe6<span class=\"ez-toc-section-end\"><\/span><\/h5>\n\n\n\n<p class=\"has-text-align-center wp-block-paragraph\">Le compte 3a est un compte-\u00e9pargne pr\u00e9vu pour la retraite.<\/p>\n\n\n\n<p class=\"has-text-align-center has-luminous-vivid-amber-color has-text-color has-link-color wp-elements-13 wp-block-paragraph\">\ud83d\udc49 <strong>D&#8217;un point de vue financier. Un compte 3a est avantageux pour 2 raisons:<\/strong><\/p>\n\n\n\n<ul class=\"wp-block-list\">\n<li><strong>D\u00e9ductions d&#8217;imp\u00f4ts du contribuable<\/strong><\/li>\n\n\n\n<li><strong>Possibilit\u00e9 d&#8217;investir son \u00e9pargne (jusqu&#8217;\u00e0 99%)<\/strong><\/li>\n<\/ul>\n\n\n\n<p class=\"has-text-align-center wp-block-paragraph\">C&#8217;est tr\u00e8s positif de construire un patrimoine financier \u00e0 travers d&#8217;un compte \u00e9pargne d\u00e9ductible en imp\u00f4ts. Dans ma situation, j&#8217;\u00e9conomise des milliers de CHF par ann\u00e9e en imp\u00f4ts gr\u00e2ce au compte 3a \u263a<\/p>\n\n\n\n<p class=\"has-text-align-center wp-block-paragraph\">En plus, il y a la possibilit\u00e9 d&#8217;investir 99% de son \u00e9pargne \ud83d\ude0a<\/p>\n\n\n\n<p class=\"has-text-align-center has-luminous-vivid-amber-color has-text-color has-link-color wp-elements-14 wp-block-paragraph\">\ud83d\udc49 <strong>En r\u00e9alit\u00e9, avec certaines strat\u00e9gies de certains comptes de pr\u00e9voyance. La rentabilit\u00e9 est de 7% annualis\u00e9 en moyenne. Avec des frais de gestion inf\u00e9rieurs \u00e0 0,45%. <\/strong><\/p>\n\n\n\n<p class=\"has-text-align-center wp-block-paragraph\">Pas mal du tout !<\/p>\n\n\n\n<h5 class=\"wp-block-heading has-text-align-center has-background-color has-pale-cyan-blue-background-color has-text-color has-background has-link-color wp-elements-15\"><span class=\"ez-toc-section\" id=\"3%F0%9F%91%8D_%E2%80%93_Bonne_Fiscalite_concernant_les_ETF_a_croissance%F0%9F%93%88\"><\/span>3\ud83d\udc4d &#8211; <strong><strong>Bonne Fiscalit\u00e9 concernant les ETF \u00e0 croissanc<\/strong><\/strong>e\ud83d\udcc8 <span class=\"ez-toc-section-end\"><\/span><\/h5>\n\n\n\n<p class=\"has-text-align-center has-luminous-vivid-amber-color has-text-color has-link-color wp-elements-16 wp-block-paragraph\">\ud83d\udc49 <strong>Une autre particularit\u00e9 int\u00e9ressante de la fiscalit\u00e9 suisse. C&#8217;est la faible imposition d&#8217;un ETF \u00e0 croissance.<\/strong><\/p>\n\n\n\n<p class=\"has-text-align-center wp-block-paragraph\">En Suisse, concernant la performance des actions ou ETF&#8217;s. La taxation concerne uniquement la valeur totale de l&#8217;action le 31 d\u00e9cembre de chaque ann\u00e9e.<\/p>\n\n\n\n<p class=\"has-text-align-center wp-block-paragraph\">Notons que la taxation d\u00e9pendra du canton de r\u00e9sidence du contribuable.<\/p>\n\n\n\n<p class=\"has-text-align-center wp-block-paragraph\"> Par contre, la valeur tax\u00e9e est g\u00e9n\u00e9ralement tr\u00e8s basse. G\u00e9n\u00e9ralement, inf\u00e9rieur \u00e0 3% de la valeur totale de l&#8217;action.<\/p>\n\n\n\n<p class=\"has-text-align-center has-luminous-vivid-amber-color has-text-color has-link-color wp-elements-17 wp-block-paragraph\"><strong>Dans mon cas par exemple, c&#8217;est assez fou. En effet, je paye plus d&#8217;imp\u00f4ts pour le salaire que je re\u00e7ois comparativement \u00e0 mon ETF \u00e0 croissance SP500.<\/strong><\/p>\n\n\n\n<p class=\"has-text-align-center wp-block-paragraph\">Cette particularit\u00e9 vient du fait qu&#8217;en Suisse,<strong><mark style=\"background-color:rgba(0, 0, 0, 0);color:#fffec0\" class=\"has-inline-color\"> un ETF \u00e0 croissance est consid\u00e9r\u00e9 comme une fortune<\/mark><\/strong>. Et pour la conf\u00e9d\u00e9ration suisse,<strong> <mark style=\"background-color:rgba(0, 0, 0, 0);color:#fffbc7\" class=\"has-inline-color\">la taxation sur la fortune est tr\u00e8s peu impos\u00e9 comparativement \u00e0 l&#8217;imp\u00f4t sur le revenu.<\/mark><\/strong><\/p>\n\n\n\n<p class=\"has-text-align-center wp-block-paragraph\">Notons que dans certains pays europ\u00e9ens, le contribuable est tax\u00e9 jusqu&#8217;\u00e0 30% sur la valeur de la croissance. Ce qui rend une action ou un ETF \u00e0 croissance moins s\u00e9duisant fiscalement.<\/p>\n\n\n\n<h5 class=\"wp-block-heading has-text-align-center has-background-color has-pale-cyan-blue-background-color has-text-color has-background has-link-color wp-elements-18\"><span class=\"ez-toc-section\" id=\"4%F0%9F%91%8D_%E2%80%93_Des_finances_publiques_saines_%F0%9F%8F%A2\"><\/span>4\ud83d\udc4d &#8211; Des finances publiques saines \ud83c\udfe2<span class=\"ez-toc-section-end\"><\/span><\/h5>\n\n\n\n<p class=\"has-text-align-center has-luminous-vivid-amber-color has-text-color has-link-color wp-elements-19 wp-block-paragraph\"><strong>Selon una article de la t\u00e9l\u00e9vision suisse RTS<sup><a href=\"https:\/\/www.rts.ch\/info\/economie\/11012817-les-finances-publiques-suisses-figurent-parmi-les-plus-saines-du-monde.html\" target=\"_blank\" rel=\"noreferrer noopener\">2<\/a><\/sup>. Les finances des administrations publiques suisses, comme par exemple, les cantons, les communes ou la conf\u00e9d\u00e9ration. Entre 2006 \u00e0 2018, ont r\u00e9alis\u00e9 un exc\u00e9dent de 79 milliards de CHF.<\/strong><\/p>\n\n\n\n<p class=\"has-text-align-center wp-block-paragraph\">Autre le fait que l&#8217;administration suisse est financi\u00e8rement stable. La dette publique suisse \u00e9tait de 29,3% en 2018.<\/p>\n\n\n\n<p class=\"has-text-align-center wp-block-paragraph\">Cette dette publique est tr\u00e8s faible comparativement \u00e0 certains pays europ\u00e9ens consid\u00e9r\u00e9s &#8221;riches&#8221;. Par exemple, la dette publique en 2018 \u00e9tait de :<\/p>\n\n\n\n<ul class=\"wp-block-list\">\n<li>France &#8211; 99%<\/li>\n\n\n\n<li>Italie &#8211; 130%<\/li>\n\n\n\n<li>Allemagne &#8211; 62%<\/li>\n<\/ul>\n\n\n\n<p class=\"has-text-align-center has-luminous-vivid-amber-color has-text-color has-link-color wp-elements-20 wp-block-paragraph\"><strong>Il est important de comprendre que plus un pays est endett\u00e9, plus il a de la difficult\u00e9 \u00e0 se d\u00e9velopper et \u00e0 subvenir aux besoins de sa population.<\/strong><\/p>\n\n\n\n<p class=\"has-text-align-center wp-block-paragraph\">\ud83d\udc49 De ce fait, les contribuables fran\u00e7ais ou allemands, par exemple, devront payer plus d&#8217;imp\u00f4ts pour rembourser leur dette comparativement \u00e0 un contribuable suisse.<\/p>\n\n\n\n<h5 class=\"wp-block-heading has-text-align-center has-background-color has-pale-cyan-blue-background-color has-text-color has-background has-link-color wp-elements-21\"><span class=\"ez-toc-section\" id=\"5%F0%9F%91%8D_%E2%80%93_Bon_Pouvoir_dachat_en_general_%F0%9F%92%B0\"><\/span>5\ud83d\udc4d &#8211; <strong>Bon Pouvoir d&#8217;achat (en g\u00e9n\u00e9ral)<\/strong> \ud83d\udcb0<span class=\"ez-toc-section-end\"><\/span><\/h5>\n\n\n\n<p class=\"has-text-align-center wp-block-paragraph\">Une \u00e9tude connue afin de mesurer le pouvoir d&#8217;achat de la population d&#8217;un pays. C&#8217;est de mesurer en &#8221;SPA&#8221;. C&#8217;est-\u00e0-dire, le Standard de Pouvoir d&#8217;Achat.<\/p>\n\n\n\n<p class=\"has-text-align-center wp-block-paragraph\">De ce fait, plus le SPA est \u00e9lev\u00e9, plus la population du pays \u00e0 tendance \u00e0 avoir un bon pouvoir d&#8217;achat.<\/p>\n\n\n\n<p class=\"has-text-align-center has-luminous-vivid-amber-color has-text-color has-link-color wp-elements-22 wp-block-paragraph\"><strong>\u00c0 noter que les r\u00e9sultats varient selon les \u00e9tudes. Mais globalement, le top 3 des pays europ\u00e9ens avec un meilleur SPA, est g\u00e9n\u00e9ralement compos\u00e9 de :<\/strong><\/p>\n\n\n\n<ul class=\"wp-block-list\">\n<li>Luxembourg<\/li>\n\n\n\n<li>Norv\u00e8ge<\/li>\n\n\n\n<li>Suisse<\/li>\n<\/ul>\n\n\n\n<p class=\"has-text-align-center has-luminous-vivid-amber-color has-text-color has-link-color wp-elements-23 wp-block-paragraph\"><strong>En effet, le pouvoir d&#8217;achat en Suisse est tr\u00e8s \u00e9lev\u00e9 comparativement \u00e0 la majorit\u00e9 des pays europ\u00e9ens.<\/strong><\/p>\n\n\n\n<h5 class=\"wp-block-heading has-text-align-center has-background-color has-white-background-color has-text-color has-background has-link-color wp-elements-24\"><span class=\"ez-toc-section\" id=\"5_Points_Negatifs_%F0%9F%91%8E\"><\/span><strong>5 Points N\u00e9gatifs<\/strong> \ud83d\udc4e<span class=\"ez-toc-section-end\"><\/span><\/h5>\n\n\n\n<p class=\"has-text-align-center has-luminous-vivid-amber-color has-text-color has-link-color wp-elements-25 wp-block-paragraph\"><strong>Bien que la Suisse ait de tr\u00e8s bons aspects d&#8217;un point de vue financier. Tout n&#8217;est pas rose dans ce pays. Voici, selon mon avis, le top 5 des points n\u00e9gatifs dans la finance suisse !<\/strong><\/p>\n\n\n\n<figure data-wp-context=\"{&quot;imageId&quot;:&quot;6a970d87a4358&quot;}\" data-wp-interactive=\"core\/image\" data-wp-key=\"6a970d87a4358\" class=\"wp-block-image aligncenter size-large is-resized wp-lightbox-container\"><img data-recalc-dims=\"1\" loading=\"lazy\" decoding=\"async\" width=\"600\" height=\"600\" data-attachment-id=\"20633\" data-permalink=\"https:\/\/minimalistefrugaliste.com\/en\/10-particularites-surprenantes-de-leconomie-suisse\/5-mauvais\/\" data-orig-file=\"https:\/\/i0.wp.com\/minimalistefrugaliste.com\/wp-content\/uploads\/2025\/02\/5-mauvais.jpg?fit=1024%2C1024&amp;ssl=1\" data-orig-size=\"1024,1024\" data-comments-opened=\"1\" data-image-meta=\"{&quot;aperture&quot;:&quot;0&quot;,&quot;credit&quot;:&quot;&quot;,&quot;camera&quot;:&quot;&quot;,&quot;caption&quot;:&quot;&quot;,&quot;created_timestamp&quot;:&quot;0&quot;,&quot;copyright&quot;:&quot;&quot;,&quot;focal_length&quot;:&quot;0&quot;,&quot;iso&quot;:&quot;0&quot;,&quot;shutter_speed&quot;:&quot;0&quot;,&quot;title&quot;:&quot;&quot;,&quot;orientation&quot;:&quot;0&quot;}\" data-image-title=\"5 mauvais\" data-image-description=\"\" data-image-caption=\"\" data-large-file=\"https:\/\/i0.wp.com\/minimalistefrugaliste.com\/wp-content\/uploads\/2025\/02\/5-mauvais.jpg?fit=600%2C600&amp;ssl=1\" data-wp-class--hide=\"state.isContentHidden\" data-wp-class--show=\"state.isContentVisible\" data-wp-init=\"callbacks.setButtonStyles\" data-wp-on--click=\"actions.showLightbox\" data-wp-on--load=\"callbacks.setButtonStyles\" data-wp-on--pointerdown=\"actions.preloadImage\" data-wp-on--pointerenter=\"actions.preloadImageWithDelay\" data-wp-on--pointerleave=\"actions.cancelPreload\" data-wp-on-window--resize=\"callbacks.setButtonStyles\" src=\"https:\/\/i0.wp.com\/minimalistefrugaliste.com\/wp-content\/uploads\/2025\/02\/5-mauvais.jpg?resize=600%2C600&#038;ssl=1\" alt=\"10 particularit\u00e9s surprenantes de l'\u00e9conomie suisse\" class=\"wp-image-20633\" style=\"width:112px;height:auto\" srcset=\"https:\/\/i0.wp.com\/minimalistefrugaliste.com\/wp-content\/uploads\/2025\/02\/5-mauvais.jpg?resize=600%2C600&amp;ssl=1 600w, https:\/\/i0.wp.com\/minimalistefrugaliste.com\/wp-content\/uploads\/2025\/02\/5-mauvais.jpg?resize=300%2C300&amp;ssl=1 300w, https:\/\/i0.wp.com\/minimalistefrugaliste.com\/wp-content\/uploads\/2025\/02\/5-mauvais.jpg?resize=150%2C150&amp;ssl=1 150w, https:\/\/i0.wp.com\/minimalistefrugaliste.com\/wp-content\/uploads\/2025\/02\/5-mauvais.jpg?resize=768%2C768&amp;ssl=1 768w, https:\/\/i0.wp.com\/minimalistefrugaliste.com\/wp-content\/uploads\/2025\/02\/5-mauvais.jpg?resize=12%2C12&amp;ssl=1 12w, https:\/\/i0.wp.com\/minimalistefrugaliste.com\/wp-content\/uploads\/2025\/02\/5-mauvais.jpg?resize=800%2C800&amp;ssl=1 800w, https:\/\/i0.wp.com\/minimalistefrugaliste.com\/wp-content\/uploads\/2025\/02\/5-mauvais.jpg?resize=400%2C400&amp;ssl=1 400w, https:\/\/i0.wp.com\/minimalistefrugaliste.com\/wp-content\/uploads\/2025\/02\/5-mauvais.jpg?resize=200%2C200&amp;ssl=1 200w, https:\/\/i0.wp.com\/minimalistefrugaliste.com\/wp-content\/uploads\/2025\/02\/5-mauvais.jpg?w=1024&amp;ssl=1 1024w\" sizes=\"auto, (max-width: 600px) 100vw, 600px\" \/><button\n\t\t\tclass=\"lightbox-trigger\"\n\t\t\ttype=\"button\"\n\t\t\taria-haspopup=\"dialog\"\n\t\t\tdata-wp-bind--aria-label=\"state.thisImage.triggerButtonAriaLabel\"\n\t\t\tdata-wp-init=\"callbacks.initTriggerButton\"\n\t\t\tdata-wp-on--click=\"actions.showLightbox\"\n\t\t\tdata-wp-style--right=\"state.thisImage.buttonRight\"\n\t\t\tdata-wp-style--top=\"state.thisImage.buttonTop\"\n\t\t>\n\t\t\t<svg xmlns=\"http:\/\/www.w3.org\/2000\/svg\" width=\"12\" height=\"12\" fill=\"none\" viewBox=\"0 0 12 12\">\n\t\t\t\t<path fill=\"#fff\" d=\"M2 0a2 2 0 0 0-2 2v2h1.5V2a.5.5 0 0 1 .5-.5h2V0H2Zm2 10.5H2a.5.5 0 0 1-.5-.5V8H0v2a2 2 0 0 0 2 2h2v-1.5ZM8 12v-1.5h2a.5.5 0 0 0 .5-.5V8H12v2a2 2 0 0 1-2 2H8Zm2-12a2 2 0 0 1 2 2v2h-1.5V2a.5.5 0 0 0-.5-.5H8V0h2Z\" \/>\n\t\t\t<\/svg>\n\t\t<\/button><\/figure>\n\n\n\n<h5 class=\"wp-block-heading has-text-align-center has-background-color has-pale-cyan-blue-background-color has-text-color has-background has-link-color wp-elements-26\"><span class=\"ez-toc-section\" id=\"1%F0%9F%91%8E_%E2%80%93_Le_cout_de_la_vie_elevee_%F0%9F%92%B3\"><\/span>1\ud83d\udc4e &#8211; <strong>Le co\u00fbt de la vie \u00e9lev\u00e9e<\/strong> \ud83d\udcb3<span class=\"ez-toc-section-end\"><\/span><\/h5>\n\n\n\n<p class=\"has-text-align-center wp-block-paragraph\">Un cons\u00e9quence n\u00e9gative d&#8217;un pays stable et avec un bon pouvoir d&#8217;achat. C&#8217;est le co\u00fbt de la vie \u00e9lev\u00e9e.<\/p>\n\n\n\n<p class=\"has-text-align-center wp-block-paragraph\">Selon le site &#8221;donn\u00e9es mondiales<sup><a href=\"https:\/\/www.donneesmondiales.com\/cout-vie.php\">3<\/a><\/sup>&#8221;, <mark style=\"background-color:rgba(0, 0, 0, 0);color:#fffcdf\" class=\"has-inline-color\"><strong>la Suisse est le quatri\u00e8me pays le plus cher du Monde<\/strong>.<\/mark><\/p>\n\n\n\n<p class=\"has-text-align-center has-luminous-vivid-amber-color has-text-color has-link-color wp-elements-27 wp-block-paragraph\"><strong>Selon ce site, \u00e0 noter que la Suisse est :<\/strong><\/p>\n\n\n\n<ul class=\"wp-block-list\">\n<li>Environ 1.5 fois plus ch\u00e8re que la France<\/li>\n\n\n\n<li>Presque 2 fois plus ch\u00e8re que l&#8217;Espagne<\/li>\n\n\n\n<li>2 fois plus ch\u00e8re que la Croatie<\/li>\n<\/ul>\n\n\n\n<p class=\"has-text-align-center has-luminous-vivid-amber-color has-text-color has-link-color wp-elements-28 wp-block-paragraph\">\ud83d\udc49 <strong>En effet, malgr\u00e9 des salaires \u00e9lev\u00e9s comparativement aux pays europ\u00e9ens. Il est tr\u00e8s difficile pour un habitant suisse de vivre raisonnablement avec un salaire inf\u00e9rieur \u00e0 4&#8217;500 CHF net en Suisse. Principalement pour une personne habitant seule.<\/strong><\/p>\n\n\n\n<p class=\"has-text-align-center wp-block-paragraph\">De ce fait, gagner des milliers de CHF bruts par moins n&#8217;est pas synonyme de fortune en Suisse ! Une fois les d\u00e9penses du quotidien.<\/p>\n\n\n\n<p class=\"has-text-align-center has-luminous-vivid-amber-color has-text-color has-link-color wp-elements-29 wp-block-paragraph\"><strong>Voici quelques exemples de d\u00e9penses courantes en Suisse.<\/strong><\/p>\n\n\n\n<ul class=\"wp-block-list\">\n<li>Un simple aller en train de 29 Kilom\u00e8tres co\u00fbte environ 17 CHF (34 CHF aller-retour)<\/li>\n\n\n\n<li>Un caf\u00e9 dans un bar co\u00fbte environ 4.50 CHF<\/li>\n\n\n\n<li>Un pain au chocolat dans une boulangerie co\u00fbte environ 3.50 CHF<\/li>\n<\/ul>\n\n\n\n<p class=\"has-text-align-center has-luminous-vivid-amber-color has-text-color has-link-color wp-elements-30 wp-block-paragraph\">\ud83d\udc49 <strong>De ce fait, les loisirs et les d\u00e9penses quotidiennes en Suisse sont incroyablement chers.<\/strong><\/p>\n\n\n\n<h5 class=\"wp-block-heading has-text-align-center has-background-color has-pale-cyan-blue-background-color has-text-color has-background has-link-color wp-elements-31\"><span class=\"ez-toc-section\" id=\"2%F0%9F%91%8E_%E2%80%93_Assurance_maladie_chere_et_obligatoire_%F0%9F%91%A9%E2%80%8D%E2%9A%95%EF%B8%8F\"><\/span>2\ud83d\udc4e &#8211; <strong>Assurance maladie ch\u00e8re et obligatoire<\/strong> \ud83d\udc69\u200d\u2695\ufe0f<span class=\"ez-toc-section-end\"><\/span><\/h5>\n\n\n\n<p class=\"has-text-align-center wp-block-paragraph\">S&#8217;il y a un sujet qui f\u00e2che la majorit\u00e9 de la population suisse. C&#8217;est l&#8217;assurance maladie de base !<\/p>\n\n\n\n<p class=\"has-text-align-center has-luminous-vivid-amber-color has-text-color has-link-color wp-elements-32 wp-block-paragraph\"><strong>En effet, en Suisse, l&#8217;assurance maladie de base (lamal) est obligatoire, ch\u00e8re et avec des prestations tr\u00e8s limit\u00e9es !<\/strong><\/p>\n\n\n\n<p class=\"has-text-align-center wp-block-paragraph\">En r\u00e9alit\u00e9, ce n&#8217;est pas rare de voir des familles de 2 parents avec un enfant, payer plus de 1&#8217;500 CHF par mois pour l&#8217;assurance-maladie. Pour 3 personnes uniquement.<\/p>\n\n\n\n<p class=\"has-text-align-center has-luminous-vivid-amber-color has-text-color has-link-color wp-elements-33 wp-block-paragraph\">\ud83d\udc49 <strong>L&#8217;assurance maladie en Suisse a un poids consid\u00e9rable dans le budget des m\u00e9nages suisses.<\/strong><\/p>\n\n\n\n<p class=\"has-text-align-center wp-block-paragraph\">Pour partager mon exp\u00e9rience, ma premi\u00e8re ann\u00e9e de travail comme salari\u00e9 avec un taux de travail de 100%. Je payais 11% de mon salaire mensuel pour mon assurance maladie. Et encore, je devais payer les premiers &#8230; 2500 CHF dans l&#8217;ann\u00e9e pour l&#8217;activer.<\/p>\n\n\n\n<h5 class=\"wp-block-heading has-text-align-center has-background-color has-pale-cyan-blue-background-color has-text-color has-background has-link-color wp-elements-34\"><span class=\"ez-toc-section\" id=\"3%F0%9F%91%8E_%E2%80%93_La_libre_circulation_des_personnes_%F0%9F%9A%B6%E2%80%8D%E2%99%82%EF%B8%8F%E2%80%8D%E2%9E%A1%EF%B8%8F\"><\/span>3\ud83d\udc4e &#8211; <strong>La libre circulation des personnes<\/strong> \ud83d\udeb6\u200d\u2642\ufe0f\u200d\u27a1\ufe0f<span class=\"ez-toc-section-end\"><\/span><\/h5>\n\n\n\n<p class=\"has-text-align-center wp-block-paragraph\">Mon but avec cet article n&#8217;est pas de cr\u00e9er des pol\u00e9miques politiques. En r\u00e9alit\u00e9, les avis politiques sont personnels. Par cons\u00e9quent, mon avis sur ce sujet est une simple opinion discutable.<\/p>\n\n\n\n<p class=\"has-text-align-center wp-block-paragraph\">En ce moment, la libre circulation des personnes permet aux personnes de l&#8217;union europ\u00e9enne d&#8217;entrer et du sortir facilement du territoire suisse. Afin de r\u00e9sider en Suisse par exemple.<\/p>\n\n\n\n<p class=\"has-text-align-center wp-block-paragraph\">D&#8217;ailleurs, certains travaillent en Suisse mais habitent dans des pays voisins. Ce sont les frontaliers.<\/p>\n\n\n\n<p class=\"has-text-align-center has-luminous-vivid-amber-color has-text-color has-link-color wp-elements-35 wp-block-paragraph\">\ud83d\udc49 <strong>Selon mon avis, la Suisse devrait limiter la libre circulation des personnes. Je ne pense pas qu&#8217;interdire soit la solution. Mais la limiter, sans doute<\/strong> !<\/p>\n\n\n\n<p class=\"has-text-align-center wp-block-paragraph\">En effet, selon mon opinion, <strong><mark style=\"background-color:rgba(0, 0, 0, 0);color:#fdfbd8\" class=\"has-inline-color\">cette loi de la libre circulation ne favorise pas les finances des r\u00e9sidents suisses<\/mark><\/strong>. Car, contrairement \u00e0 la majorit\u00e9 des pays europ\u00e9ens, cette libre concurrence des personnes europ\u00e9ennes ne fait que baisser la moyenne des salaires.<\/p>\n\n\n\n<p class=\"has-text-align-center wp-block-paragraph\">Selon mon avis, cette libre circulation apporte des probl\u00e8mes frontaliers. Car plus il y a des candidats pour un emploi, plus le patronat peut diminuer les salaires. Comme les r\u00e9sidents fran\u00e7ais ont moins de d\u00e9penses en France, cela cr\u00e9e automatiquement une concurrence d\u00e9loyale pour les r\u00e9sidents suisses.<\/p>\n\n\n\n<p class=\"has-text-align-center wp-block-paragraph\">D&#8217;ailleurs, c&#8217;est une des principales raisons pour lesquelles que lors des votations, les suisse votent r\u00e9guli\u00e8rement contre accords bilat\u00e9raux avec les pays de l&#8217;EU. <\/p>\n\n\n\n<p class=\"has-text-align-center wp-block-paragraph\">En plus, cela augmente automatiquement le taux de ch\u00f4mage en Suisse.<\/p>\n\n\n\n<h6 class=\"wp-block-heading has-text-align-center has-luminous-vivid-amber-color has-text-color has-link-color wp-elements-36\">\ud83d\udc49 <strong>Sans oublier, avec cette loi, c&#8217;est le serpent qui se mord la queue !<\/strong><\/h6>\n\n\n\n<p class=\"has-text-align-center wp-block-paragraph\">En r\u00e9alit\u00e9, la population suisse qui ne re\u00e7oit pas un salaire correct en raison de cette concurrence d\u00e9loyale. N&#8217;ayant pas les moyens de consommer en Suisse. <strong><mark style=\"background-color:rgba(0, 0, 0, 0);color:#fffdca\" class=\"has-inline-color\">Elle va d\u00e9penser son argent \u00e0 &#8230; l&#8217;\u00e9tranger<\/mark><\/strong>. Car le co\u00fbt de la vie y est moins cher.<\/p>\n\n\n\n<p class=\"has-text-align-center has-luminous-vivid-amber-color has-text-color has-link-color wp-elements-37 wp-block-paragraph\"><strong>En effet, ce n&#8217;est pas un hasard si de nombreux r\u00e9sidents suisses:<\/strong><\/p>\n\n\n\n<ul class=\"wp-block-list\">\n<li>Vont faire les courses dans un supermarch\u00e9 dans les pays voisins comme par exemple la France, l&#8217;Allemagne ou l&#8217;Italie<\/li>\n\n\n\n<li>Ach\u00e8tent sur des sites chinois comme par exemple Temu ou Aliexpress<\/li>\n\n\n\n<li>Pr\u00e9f\u00e8rent acheter sur des sites europ\u00e9ens que des sites suisses<\/li>\n\n\n\n<li>R\u00e9alisent certains loisirs et activit\u00e9s (par exemple, le ski) dans les pays voisins<\/li>\n<\/ul>\n\n\n\n<p class=\"has-text-align-center has-luminous-vivid-amber-color has-text-color has-link-color wp-elements-38 wp-block-paragraph\">\ud83d\udc49 <strong>En conclusion, selon mon opinion, avec une circulation limit\u00e9e, il y aurait plus de chances que l&#8217;ensemble de la population suisse ait un salaire correct en Suisse.<\/strong><\/p>\n\n\n\n<p class=\"has-text-align-center wp-block-paragraph\">De ce fait, <mark style=\"background-color:rgba(0, 0, 0, 0);color:#fff3c9\" class=\"has-inline-color\"><strong>si l&#8217;ensemble de la population suisse a de bons salaires, cela se traduit automatiquement par un plus grand achat de produits suisses et une plus grande consommation des entreprises suisses<\/strong>.<\/mark> Ce qui serait un avantage pour l&#8217;ensemble de la population.<\/p>\n\n\n\n<h5 class=\"wp-block-heading has-text-align-center has-background-color has-pale-cyan-blue-background-color has-text-color has-background has-link-color wp-elements-39\"><span class=\"ez-toc-section\" id=\"4%F0%9F%91%8E-_Prix_de_limmobilier_trop_cher_dans_certaines_regions_%F0%9F%8F%A0\"><\/span>4\ud83d\udc4e- <strong>Prix de l&#8217;immobilier trop cher dans certaines r\u00e9gions<\/strong> \ud83c\udfe0<span class=\"ez-toc-section-end\"><\/span><\/h5>\n\n\n\n<p class=\"has-text-align-center wp-block-paragraph\">\ud83d\udc49 Un autre cons\u00e9quence des salaires \u00e9lev\u00e9s et stables, <strong><mark style=\"background-color:rgba(0, 0, 0, 0);color:#fdfbd2\" class=\"has-inline-color\">c&#8217;est le prix \u00e9lev\u00e9 de l&#8217;immobilier.<\/mark><\/strong><\/p>\n\n\n\n<p class=\"has-text-align-center wp-block-paragraph\">Heureusement, ce n&#8217;est pas une g\u00e9n\u00e9ralit\u00e9 en Suisse. Dans certains cantons, le prix d&#8217;un achat immobilier ou le prix des loyers par rapport \u00e0 la moyenne des salaires annuels reste correct.<\/p>\n\n\n\n<p class=\"has-text-align-center has-luminous-vivid-amber-color has-text-color has-link-color wp-elements-40 wp-block-paragraph\"><strong>Cependant, dans beaucoup de r\u00e9gions suisses, pour la population de classe moyenne. Le r\u00eave d&#8217;acheter sa r\u00e9sidence principale est devenu impossible.<\/strong><\/p>\n\n\n\n<p class=\"has-text-align-center wp-block-paragraph\">En autre, afin de devenir un simple locataire dans certaines r\u00e9gions suisses. C&#8217;est possible uniquement avec des salaires tr\u00e8s \u00e9lev\u00e9s.<\/p>\n\n\n\n<p class=\"has-text-align-center has-luminous-vivid-amber-color has-text-color has-link-color wp-elements-41 wp-block-paragraph\"><strong>Pour donner quelques exemples, voici le prix moyen \u00e0 payer pour une location en Suisse. Dans certaines r\u00e9gions ch\u00e8res comme par exemple Gen\u00e8ve, La C\u00f4te ou Zurich.<\/strong><\/p>\n\n\n\n<ul class=\"wp-block-list\">\n<li>Studio de 25 m<sup>2<\/sup> = 1&#8217;200 CHF<\/li>\n\n\n\n<li>2 pi\u00e8ces de 45 m<sup>2<\/sup> = 1&#8217;500 CHF<\/li>\n\n\n\n<li>3 pi\u00e8ces de 60 m<sup>2<\/sup> = 2&#8217;000 CHF<\/li>\n<\/ul>\n\n\n\n<p class=\"has-text-align-center wp-block-paragraph\">De ce fait, il ne faut pas \u00eatre un g\u00e9nie en finances personnelles pour comprendre que si le loyer est \u00e9lev\u00e9, il y a moins d&#8217;argent pour d&#8217;autres d\u00e9penses importantes \ud83d\ude10<\/p>\n\n\n\n<p class=\"has-text-align-center wp-block-paragraph\">Ce qui favorise l&#8217;endettement !<\/p>\n\n\n\n<h5 class=\"wp-block-heading has-text-align-center has-background-color has-pale-cyan-blue-background-color has-text-color has-background has-link-color wp-elements-42\"><span class=\"ez-toc-section\" id=\"5%F0%9F%91%8E_%E2%80%93_Les_taxes_%E2%80%9Dinutiles%E2%80%9D_%F0%9F%A7%BE\"><\/span>5\ud83d\udc4e &#8211; <strong>Les taxes &#8221;inutiles&#8221;<\/strong> \ud83e\uddfe<span class=\"ez-toc-section-end\"><\/span><\/h5>\n\n\n\n<p class=\"has-text-align-center wp-block-paragraph\">Quand j&#8217;ai commenc\u00e9 \u00e0 vivre en Suisse, j&#8217;\u00e9tais hallucin\u00e9 par <strong><mark style=\"background-color:rgba(0, 0, 0, 0);color:#feffd9\" class=\"has-inline-color\">la quantit\u00e9 de taxes tr\u00e8s ch\u00e8res que la population suisse paye pour &#8230; presque rien<\/mark><\/strong>.<\/p>\n\n\n\n<p class=\"has-text-align-center has-luminous-vivid-amber-color has-text-color has-link-color wp-elements-43 wp-block-paragraph\"><strong>Je donne quelques exemples<\/strong>:<\/p>\n\n\n\n<ul class=\"wp-block-list\">\n<li class=\"has-pale-pink-color has-text-color has-link-color wp-elements-44\"><strong>Serafe<\/strong><\/li>\n<\/ul>\n\n\n\n<p class=\"has-text-align-center wp-block-paragraph\">C&#8217;est la taxe concernant la t\u00e9l\u00e9vision et les m\u00e9dias suisses.<\/p>\n\n\n\n<p class=\"has-text-align-center wp-block-paragraph\">De nos jours, peu de personnes regardent la TV de mani\u00e8re assidue. Dans mon cas, je n&#8217;utilise jamais la TV ou la radio.<\/p>\n\n\n\n<p class=\"has-text-align-center has-luminous-vivid-amber-color has-text-color has-link-color wp-elements-45 wp-block-paragraph\">\ud83d\udc49 <strong>De ce fait, je n&#8217;aime pas \u00eatre oblig\u00e9 \u00e0 payer 300 CHF par ann\u00e9e pour une prestation que je n&#8217;utilise pas (et je m&#8217;en fou compl\u00e9tement).<\/strong><\/p>\n\n\n\n<ul class=\"wp-block-list\">\n<li class=\"has-pale-pink-color has-text-color has-link-color wp-elements-46\"><strong>Sac poubelles \u00e0 2 CHF le sac<\/strong><\/li>\n<\/ul>\n\n\n\n<p class=\"has-text-align-center has-luminous-vivid-amber-color has-text-color has-link-color wp-elements-47 wp-block-paragraph\">\ud83d\udc49 <strong>En Suisse, la population est oblig\u00e9 \u00e0 payer 2 CHF pour un sac en plastique. C&#8217;est ce qu&#8217;on appelle un sac poubelle d\u00e9chet.<\/strong><\/p>\n\n\n\n<p class=\"has-text-align-center wp-block-paragraph\">Cette taxe a \u00e9t\u00e9 invent\u00e9 afin de mieux trier les d\u00e9chets. Selon mon avis, le r\u00e9sultat fut invers\u00e9.<\/p>\n\n\n\n<p class=\"has-text-align-center wp-block-paragraph\">En effet, \u00e0 cause du prix \u00e9lev\u00e9 du sac. La population suisse a tendance \u00e0 remplir \u00e0 fond le sac poubelle tax\u00e9.<\/p>\n\n\n\n<p class=\"has-text-align-center wp-block-paragraph\">Par exemple, pour beaucoup de personnes, s&#8217;il y a des bouteilles vides en verre, des restes de nourriture ou du plastique qui tra\u00eene \u00e0 la maison. Ils mettent tout dans le sac poubelle afin de rentabiliser le prix d&#8217;achat \u00e9lev\u00e9.<\/p>\n\n\n\n<p class=\"has-text-align-center wp-block-paragraph\">De ce fait, payer pour trier ne donne pas les r\u00e9sultats escompt\u00e9s.<\/p>\n\n\n\n<p class=\"has-text-align-center wp-block-paragraph\">D&#8217;ailleurs, dans les communes frontali\u00e8res, il y a beaucoup de cas que des r\u00e9sidents suisses vont en France jeter leur d\u00e9chets afin d&#8217;\u00e9conomiser. <\/p>\n\n\n\n<h6 class=\"wp-block-heading has-text-align-center has-luminous-vivid-orange-color has-text-color has-link-color wp-elements-48\"><em>Apparemment, obliger les gens \u00e0 devenir \u00e9colo ne fonctionne pas&#8230;<\/em><\/h6>\n\n\n\n<ul class=\"wp-block-list\">\n<li class=\"has-pale-pink-color has-text-color has-link-color wp-elements-49\"><strong>Imp\u00f4t sur les chiens<\/strong><\/li>\n<\/ul>\n\n\n\n<p class=\"has-text-align-center has-luminous-vivid-amber-color has-text-color has-link-color wp-elements-50 wp-block-paragraph\">\ud83d\udc49 <strong>En Suisse, les propri\u00e9taires doivent d\u00e9clarer leur chien et &#8230; payer des imp\u00f4ts.<\/strong><\/p>\n\n\n\n<p class=\"has-text-align-center wp-block-paragraph\">Effectivement, vu que tout se taxe dans la vie, pourquoi pas un chien? <\/p>\n\n\n\n<p class=\"has-text-align-center wp-block-paragraph\">Moi je suis impos\u00e9 sur mon salaire, et d&#8217;autres sont impos\u00e9s sur leur Carlin.<\/p>\n\n\n\n<p class=\"has-text-align-center wp-block-paragraph\">Par contre, l&#8217;\u00e9tat suisse ne va pas t&#8217;aider quand tu iras au v\u00e9t\u00e9rinaire. Sur ce sujet, chacun ses factures.<\/p>\n\n\n\n<ul class=\"wp-block-list\">\n<li class=\"has-pale-pink-color has-text-color has-link-color wp-elements-51\"><strong>Autres taxes &#8221;discutables&#8221;<\/strong><\/li>\n<\/ul>\n\n\n\n<p class=\"has-text-align-center has-luminous-vivid-amber-color has-text-color has-link-color wp-elements-52 wp-block-paragraph\">\ud83d\udc49 <strong>Il y a des taxes qui sont discutables que je n&#8217;ai pas \u00e9crit. Mais selon mon avis, ce sont des taxes ironiques. Pour ne pas dire risibles. Par exemple:<\/strong><\/p>\n\n\n\n<ul class=\"wp-block-list\">\n<li>Imp\u00f4t sur les plaques de v\u00e9hicule<\/li>\n\n\n\n<li>Taxe divertissement (dans certains cantons)<\/li>\n\n\n\n<li>Taxe non pompier (dans certaines communes)<\/li>\n<\/ul>\n\n\n\n<h6 class=\"wp-block-heading has-text-align-center has-luminous-vivid-orange-color has-text-color has-link-color wp-elements-53\"><em><strong>Le plus ironique avec ces taxes, c&#8217;est que les politiciens suisses consid\u00e8rent la Suisse comme un pays &#8221;lib\u00e9ral&#8221;.<\/strong><\/em><\/h6>\n\n\n\n<h5 class=\"wp-block-heading has-text-align-center has-white-color has-vivid-red-background-color has-text-color has-background has-link-color wp-elements-54\"><span class=\"ez-toc-section\" id=\"Conclusion\"><\/span><strong>C<\/strong>onclusion<span class=\"ez-toc-section-end\"><\/span><\/h5>\n\n\n\n<p class=\"has-text-align-center wp-block-paragraph\">La Suisse est un pays avec des qualit\u00e9s et des d\u00e9fauts.<\/p>\n\n\n\n<p class=\"has-text-align-center has-luminous-vivid-amber-color has-text-color has-link-color wp-elements-55 wp-block-paragraph\"><strong>En r\u00e8gle g\u00e9n\u00e9rale, la Suisse est un pays stable, ayant un taux de ch\u00f4mage bas et l&#8217;\u00e9tat suisse a des finances solides. De ce fait, la population b\u00e9n\u00e9ficie d&#8217;un bon Pib par habitant et des bons salaires par rapport aux pays europ\u00e9ens.<\/strong><\/p>\n\n\n\n<p class=\"has-text-align-center wp-block-paragraph\">En revanche, habiter dans un pays riche ne signifie pas obligatoirement que la population locale est riche. <\/p>\n\n\n\n<p class=\"has-text-align-center wp-block-paragraph\">\ud83d\udc49 <strong><mark style=\"background-color:rgba(0, 0, 0, 0);color:#fffcd4\" class=\"has-inline-color\">En r\u00e9alit\u00e9, en Suisse, la population subit beaucoup de taxes, paie cher leur logement, paie cher leur assurance maladie et le co\u00fbt de la vie pour vivre est tr\u00e8s \u00e9lev\u00e9.<\/mark><\/strong><\/p>\n\n\n\n<p class=\"has-text-align-center has-luminous-vivid-amber-color has-text-color has-link-color wp-elements-56 wp-block-paragraph\"><strong>Dans mon cas, selon mon avis et mon exp\u00e9rience en Suisse. En analysant le cot\u00e9 financier. Le top 5 positif en Suisse est:<\/strong><\/p>\n\n\n\n<ul class=\"wp-block-list\">\n<li>Taux de ch\u00f4mage bas<\/li>\n\n\n\n<li>Compte 3a (afin de d\u00e9duire les imp\u00f4ts et b\u00e9n\u00e9ficier d&#8217;environ 7% de rendement)<\/li>\n\n\n\n<li>Fiscalit\u00e9 int\u00e9ressante pour un ETF \u00e0 croissance<\/li>\n\n\n\n<li>Des finances publiques saines (dans l&#8217;ensemble)<\/li>\n\n\n\n<li>Bon pouvoir d&#8217;achat (en g\u00e9n\u00e9ral)<\/li>\n<\/ul>\n\n\n\n<p class=\"has-text-align-center has-luminous-vivid-amber-color has-text-color has-link-color wp-elements-57 wp-block-paragraph\"><strong>Par contre, il y aussi des points n\u00e9gatifs. Selon mon avis, le top 5 n\u00e9gatif en Suisse est:<\/strong><\/p>\n\n\n\n<ul class=\"wp-block-list\">\n<li>Co\u00fbt de la vie tr\u00e8s \u00e9lev\u00e9<\/li>\n\n\n\n<li>Assurance maladie ch\u00e8re et obligatoire<\/li>\n\n\n\n<li>Libre circulation des personnes<\/li>\n\n\n\n<li>Prix de l&#8217;immobilier trop cher dans certaines r\u00e9gions<\/li>\n\n\n\n<li>Taxes &#8221;inutiles&#8221; obligatoires \u00e0 payer<\/li>\n<\/ul>\n\n\n\n<p class=\"has-text-align-center has-light-green-cyan-color has-text-color has-link-color wp-elements-58 wp-block-paragraph\"><strong>10 particularit\u00e9s surprenantes de l&#8217;\u00e9conomie suisse<\/strong><\/p>\n\n\n\n<h5 class=\"wp-block-heading has-text-align-center has-primary-color has-text-color has-background has-medium-font-size\" style=\"background-color:#123102\"><strong>Abonne-toi pour les nouveaut\u00e9s<\/strong><\/h5>\n\n\n<div class=\"wp-block-jetpack-subscriptions__supports-newline wp-block-jetpack-subscriptions\">\n\t\t<div>\n\t\t\t<div>\n\t\t\t\t<div>\n\t\t\t\t\t<p >\n\t\t\t\t\t\t<a href=\"https:\/\/minimalistefrugaliste.com\/en\/?post_type=post&#038;p=20065\" style=\"font-size: 16px;padding: 15px 23px 15px 23px;margin: 0; margin-left: 10px;border-radius: 0px;border-width: 1px; background-color: #113AF5; color: #FFFFFF; text-decoration: none; white-space: nowrap; margin-left: 0\">Abonne-toi<\/a>\n\t\t\t\t\t<\/p>\n\t\t\t\t<\/div>\n\t\t\t<\/div>\n\t\t<\/div>\n\t<\/div>\n\n\n<h5 class=\"wp-block-heading has-text-align-center has-luminous-vivid-amber-color has-text-color has-background\" style=\"background-color:#2a0202\"><strong>Tu as un projet frugaliste ou minimaliste et tu souhaites une formation? Clique &#8221;<a href=\"https:\/\/minimalistefrugaliste.com\/contact\/\" target=\"_blank\" rel=\"noreferrer noopener\">ici<\/a>&#8221;.<\/strong><\/h5>\n\n\n\n<ul class=\"wp-block-social-links is-content-justification-center is-layout-flex wp-container-core-social-links-is-layout-a89b3969 wp-block-social-links-is-layout-flex\"><li class=\"wp-social-link wp-social-link-youtube wp-block-social-link\"><a href=\"https:\/\/www.youtube.com\/@minimalistefrugaliste\" class=\"wp-block-social-link-anchor\"><svg width=\"24\" height=\"24\" viewBox=\"0 0 24 24\" version=\"1.1\" xmlns=\"http:\/\/www.w3.org\/2000\/svg\" aria-hidden=\"true\" focusable=\"false\"><path d=\"M21.8,8.001c0,0-0.195-1.378-0.795-1.985c-0.76-0.797-1.613-0.801-2.004-0.847c-2.799-0.202-6.997-0.202-6.997-0.202 h-0.009c0,0-4.198,0-6.997,0.202C4.608,5.216,3.756,5.22,2.995,6.016C2.395,6.623,2.2,8.001,2.2,8.001S2,9.62,2,11.238v1.517 c0,1.618,0.2,3.237,0.2,3.237s0.195,1.378,0.795,1.985c0.761,0.797,1.76,0.771,2.205,0.855c1.6,0.153,6.8,0.201,6.8,0.201 s4.203-0.006,7.001-0.209c0.391-0.047,1.243-0.051,2.004-0.847c0.6-0.607,0.795-1.985,0.795-1.985s0.2-1.618,0.2-3.237v-1.517 C22,9.62,21.8,8.001,21.8,8.001z M9.935,14.594l-0.001-5.62l5.404,2.82L9.935,14.594z\"><\/path><\/svg><span class=\"wp-block-social-link-label screen-reader-text\">YouTube<\/span><\/a><\/li>\n\n<li class=\"wp-social-link wp-social-link-linkedin wp-block-social-link\"><a href=\"https:\/\/www.linkedin.com\/in\/minimalistefrugaliste\/\" class=\"wp-block-social-link-anchor\"><svg width=\"24\" height=\"24\" viewBox=\"0 0 24 24\" version=\"1.1\" xmlns=\"http:\/\/www.w3.org\/2000\/svg\" aria-hidden=\"true\" focusable=\"false\"><path d=\"M19.7,3H4.3C3.582,3,3,3.582,3,4.3v15.4C3,20.418,3.582,21,4.3,21h15.4c0.718,0,1.3-0.582,1.3-1.3V4.3 C21,3.582,20.418,3,19.7,3z M8.339,18.338H5.667v-8.59h2.672V18.338z M7.004,8.574c-0.857,0-1.549-0.694-1.549-1.548 c0-0.855,0.691-1.548,1.549-1.548c0.854,0,1.547,0.694,1.547,1.548C8.551,7.881,7.858,8.574,7.004,8.574z M18.339,18.338h-2.669 v-4.177c0-0.996-0.017-2.278-1.387-2.278c-1.389,0-1.601,1.086-1.601,2.206v4.249h-2.667v-8.59h2.559v1.174h0.037 c0.356-0.675,1.227-1.387,2.526-1.387c2.703,0,3.203,1.779,3.203,4.092V18.338z\"><\/path><\/svg><span class=\"wp-block-social-link-label screen-reader-text\">LinkedIn<\/span><\/a><\/li><\/ul>\n\n\n\n<h5 class=\"wp-block-heading has-text-align-center has-background-color has-cyan-bluish-gray-background-color has-text-color has-background\"><strong>N&#8217;h\u00e9site pas \u00e0 lire mes Pages<\/strong><\/h5>\n\n\n<ul class=\"wp-block-page-list\"><li class=\"wp-block-pages-list__item\"><a class=\"wp-block-pages-list__item__link\" href=\"https:\/\/minimalistefrugaliste.com\/en\/a-propos-de-moi\/\">\u00c0 propos de moi<\/a><\/li><li class=\"wp-block-pages-list__item\"><a class=\"wp-block-pages-list__item__link\" href=\"https:\/\/minimalistefrugaliste.com\/en\/epargne-frugalisme\/\">\u00c9pargne \/ Frugalisme<\/a><\/li><li class=\"wp-block-pages-list__item menu-item-home\"><a class=\"wp-block-pages-list__item__link\" href=\"https:\/\/minimalistefrugaliste.com\/en\/\">Bienvenue<\/a><\/li><li class=\"wp-block-pages-list__item\"><a class=\"wp-block-pages-list__item__link\" href=\"https:\/\/minimalistefrugaliste.com\/en\/blog\/\">Blog<\/a><\/li><li class=\"wp-block-pages-list__item\"><a class=\"wp-block-pages-list__item__link\" href=\"https:\/\/minimalistefrugaliste.com\/en\/boutique\/\">Boutique<\/a><\/li><li class=\"wp-block-pages-list__item\"><a class=\"wp-block-pages-list__item__link\" href=\"https:\/\/minimalistefrugaliste.com\/en\/contact-dons\/\">Contact<\/a><\/li><li class=\"wp-block-pages-list__item\"><a class=\"wp-block-pages-list__item__link\" href=\"https:\/\/minimalistefrugaliste.com\/en\/formation-e-book\/\">Formation \/ E-book<\/a><\/li><li class=\"wp-block-pages-list__item\"><a class=\"wp-block-pages-list__item__link\" href=\"https:\/\/minimalistefrugaliste.com\/en\/investissement\/\">Investissement<\/a><\/li><li class=\"wp-block-pages-list__item\"><a class=\"wp-block-pages-list__item__link\" href=\"https:\/\/minimalistefrugaliste.com\/en\/page-minimaliste\/\">Minimaliste<\/a><\/li><li class=\"wp-block-pages-list__item\"><a class=\"wp-block-pages-list__item__link\" href=\"https:\/\/minimalistefrugaliste.com\/en\/mon-compte\/\">Mon compte<\/a><\/li><li class=\"wp-block-pages-list__item\"><a class=\"wp-block-pages-list__item__link\" href=\"https:\/\/minimalistefrugaliste.com\/en\/newsletter\/\">Newsletter<\/a><\/li><li class=\"wp-block-pages-list__item\"><a class=\"wp-block-pages-list__item__link\" href=\"https:\/\/minimalistefrugaliste.com\/en\/panier\/\">Panier<\/a><\/li><li class=\"wp-block-pages-list__item\"><a class=\"wp-block-pages-list__item__link\" href=\"https:\/\/minimalistefrugaliste.com\/en\/commander\/\">Validation de la commande<\/a><\/li><\/ul>\n\n\n<h5 class=\"wp-block-heading has-text-align-center has-background-color has-cyan-bluish-gray-background-color has-text-color has-background\"><strong>Derniers articles<\/strong><\/h5>\n\n\n<ul class=\"wp-block-latest-posts__list wp-block-latest-posts is-layout-flow wp-block-latest-posts-is-layout-flow\"><li><a class=\"wp-block-latest-posts__post-title\" href=\"https:\/\/minimalistefrugaliste.com\/en\/comment-devenir-minimalisme\/\">Le Minimalisme et comment le devenir?<\/a><\/li>\n<li><a class=\"wp-block-latest-posts__post-title\" href=\"https:\/\/minimalistefrugaliste.com\/en\/investir-etranger-taux-change-ne-dit-pas\/\">Investir \u00e0 l&#8217;\u00e9tranger : ce que le taux de change ne dit pas<\/a><\/li>\n<li><a class=\"wp-block-latest-posts__post-title\" href=\"https:\/\/minimalistefrugaliste.com\/en\/comment-optimiser-son-2eme-pilier\/\">Comment optimiser son 2\u00e8me pilier?<\/a><\/li>\n<li><a class=\"wp-block-latest-posts__post-title\" href=\"https:\/\/minimalistefrugaliste.com\/en\/2eme-pilier-bases-comprendre\/\">2\u00e8me pilier: Les bases \u00e0 comprendre<\/a><\/li>\n<li><a class=\"wp-block-latest-posts__post-title\" href=\"https:\/\/minimalistefrugaliste.com\/en\/top-5-astuces-pour-gagner-de-largent-depuis-chez-soi\/\">Top 5 astuces pour gagner de l\u2019argent depuis chez soi<\/a><\/li>\n<\/ul>\n\n\n<hr class=\"wp-block-separator has-alpha-channel-opacity is-style-dots\"\/>\n\n\n\n<h5 class=\"wp-block-heading has-text-align-center has-light-green-cyan-color has-text-color\"><strong>Comment vit ce blog?<\/strong><\/h5>\n\n\n\n<p class=\"wp-block-paragraph\">Globalement, ce blog vit du partage d\u2019un mode de vie frugale et minimaliste.<\/p>\n\n\n\n<p class=\"wp-block-paragraph\">Pour une question de transparence envers les lecteurs. Tous les produits conseill\u00e9s sont dans le but de rendre la vie moins ch\u00e8re, plus simple et pour favoriser l&#8217;essentiel.<\/p>\n\n\n\n<p class=\"has-luminous-vivid-amber-color has-text-color has-link-color wp-elements-59 wp-block-paragraph\"><strong>Essentiellement, mes seuls revenus avec ce blog viennent:<\/strong><\/p>\n\n\n\n<ul class=\"wp-block-list\">\n<li>Des formations que je r\u00e9alise, <\/li>\n\n\n\n<li>Des codes promo pour les produits que j\u2019utilise <\/li>\n\n\n\n<li>Des dons que les lecteurs font en \u00e9change d\u2019informations neutres.<\/li>\n<\/ul>\n\n\n\n<h5 class=\"wp-block-heading has-text-align-center has-light-green-cyan-color has-text-color\"><strong>\u00c0 propos de Moi<\/strong><\/h5>\n\n\n\n<h6 class=\"wp-block-heading has-luminous-vivid-amber-color has-text-color has-link-color wp-elements-60\"><strong>J&#8217;ai en effet d\u00e9cid\u00e9 de cr\u00e9er ce blog pour me d\u00e9velopper et aider les lecteurs qui recherchent une vie plus simple et plus \u00e9conome.<\/strong><\/h6>\n\n\n\n<p class=\"wp-block-paragraph\">Comparativement \u00e0 avant, j&#8217;\u00e9tais une personne qui consommais beaucoup <strong><span style=\"text-decoration: underline;\">jusqu&#8217;au jour o\u00f9 j&#8217;ai compris que ma consommation me rendais plus triste et plus pauvre<\/span><\/strong> \ud83d\ude11<\/p>\n\n\n\n<p class=\"wp-block-paragraph\">D\u00e9sormais, <strong><span style=\"text-decoration: underline;\">je privil\u00e9gie le minimum de mes besoins pour \u00eatre heureux et atteindre ma libert\u00e9 financi\u00e8re.<\/span><\/strong><\/p>\n\n\n\n<p class=\"wp-block-paragraph\">Sans me rendre compte, j<strong><span style=\"text-decoration: underline;\">&#8216;ai commenc\u00e9 \u00e0 privil\u00e9gier l&#8217;\u00e9pargne et les investissements pour d\u00e9pendre d&#8217;un patron le moins longtemps possible<\/span><\/strong> et pour acc\u00e9l\u00e9rer mes projets personnels.<\/p>\n\n\n\n<p class=\"wp-block-paragraph\">Depuis quelques ann\u00e9es je me sens heureux et je m&#8217;enrichis d&#8217;une fa\u00e7on que j&#8217;aurai jamais imagin\u00e9 vu que j&#8217;ai un salaire moyen en Suisse.<\/p>\n\n\n\n<p class=\"wp-block-paragraph\">C&#8217;est dans ce but que j&#8217;ai d\u00e9cid\u00e9 de cr\u00e9er ce blog. Afin de partager et apprendre avec d&#8217;autres personnes qui recherchent \u00e0 la libert\u00e9 et la simplicit\u00e9 \ud83d\ude09<\/p>\n\n\n\n<h5 class=\"wp-block-heading has-text-align-center has-light-green-cyan-color has-text-color\"><strong>Es-tu plut\u00f4t minimaliste ou frugaliste Jonny?<\/strong><\/h5>\n\n\n\n<p class=\"wp-block-paragraph\"><strong><span style=\"text-decoration: underline;\">Je suis aussi bien minimaliste que frugaliste.<\/span><\/strong> Toutefois, il y a des situations o\u00f9 je me penche plus vers un art de vie.<\/p>\n\n\n\n<p class=\"wp-block-paragraph\">Pour conclure, je pense que le plus important est se sentir confortable dans son art de vie \ud83d\ude0a<\/p>\n\n\n\n<p class=\"has-background-color has-text-color has-link-color wp-elements-61 wp-block-paragraph\">10 particularit\u00e9s surprenantes de l&#8217;\u00e9conomie suisse<\/p>\n\n\n\n<p class=\"has-background-color has-text-color has-link-color wp-elements-62 wp-block-paragraph\">10 particularit\u00e9s surprenantes de l&#8217;\u00e9conomie suisse<\/p>\n","protected":false},"excerpt":{"rendered":"<p>Having lived in several countries and having spent half of my life in Switzerland. I have noted 10 surprising peculiarities of the Swiss economy. In this article, I mention 5 positive points and 5 negative points.<\/p>","protected":false},"author":215552267,"featured_media":20627,"comment_status":"open","ping_status":"open","sticky":false,"template":"","format":"standard","meta":{"_jetpack_newsletter_access":"","_jetpack_dont_email_post_to_subs":false,"_jetpack_newsletter_tier_id":0,"_jetpack_memberships_contains_paywalled_content":false,"_wpcom_ai_launchpad_first_post":false,"_jetpack_feature_clip_id":0,"_jetpack_memberships_contains_paid_content":false,"footnotes":"","jetpack_publicize_message":"Ayant v\u00e9cu dans plusieurs pays et en ayant pass\u00e9 la moiti\u00e9 de ma vie en Suisse. J'ai not\u00e9 10 particularit\u00e9s surprenantes de l'\u00e9conomie suisse. Dans cet article, j'\u00e9voque 5 points positifs et 5 points n\u00e9gatifs.","jetpack_publicize_feature_enabled":true,"jetpack_social_post_already_shared":false,"jetpack_social_options":{"image_generator_settings":{"template":"highway","enabled":false},"version":2,"attached_media":[{"id":20627,"url":"https:\/\/minimalistefrugaliste.com\/wp-content\/uploads\/2025\/02\/logo-suisse.jpg","type":"image\/jpeg"}]},"_wpas_customize_per_network":false,"jetpack_post_was_ever_published":false},"categories":[33815964,725575],"tags":[728544580,728544579,728544582,728544581,728544589,728544576,728544588,728544585,728544583,728544586,728544459,728544600,728544594,728544596,728544595,728544592,728544590,728544601,728544577,728544587,728544591,728544578,728544575,728544593,728542820,728544584,728544598,728544599,728544597,728544602,728544574],"class_list":["post-20065","post","type-post","status-publish","format-standard","has-post-thumbnail","hentry","category-frugalisme","category-investissement","tag-10-particularites-de-leconomie-suisse","tag-10-particularites-surprenantes-de-leconomie-suisse","tag-5-points-negatifs-en-suisse","tag-5-points-positifs-en-suisse","tag-assurance-maladie-en-suisse","tag-economie-suisse","tag-cout-de-la-vie-suisse","tag-compte-3a","tag-finance-en-suisse","tag-finances-publiques-suisses","tag-fiscalite-en-suisse","tag-geneve","tag-les-avantages-suisses","tag-les-finances-personnelles-en-suisse","tag-les-inconvenients-suisses","tag-les-taxes-en-suisse","tag-libre-circulation-de-personnes-en-suisse","tag-neuchatel","tag-pourquoi-venir-vivre-en-suisse","tag-pouvoir-dachat-suisse","tag-prix-immobilier-en-suisse","tag-qualite-de-vie-en-suisse","tag-resider-en-suisse","tag-resume-finances-en-suisse","tag-suisse","tag-taux-de-chomage-en-suisse","tag-travailler-en-suisse","tag-trouver-un-emploi-en-suisse","tag-un-resume-de-la-suisse","tag-valais","tag-vivre-en-suisse"],"yoast_head":"<!-- This site is optimized with the Yoast SEO plugin v28.4 - https:\/\/yoast.com\/product\/yoast-seo-wordpress\/ -->\n<title>10 particularit\u00e9s surprenantes de l&#039;\u00e9conomie suisse - Minimaliste et Frugaliste<\/title>\n<meta name=\"description\" content=\"Suite \u00e0 avoir v\u00e9cu dans divers pays, voici selon mon avis, les 10 particularit\u00e9s surprenantes de l&#039;\u00e9conomie suisse \ud83c\udfd4\ufe0f\" \/>\n<meta name=\"robots\" content=\"index, follow, max-snippet:-1, max-image-preview:large, max-video-preview:-1\" \/>\n<link rel=\"canonical\" href=\"https:\/\/minimalistefrugaliste.com\/en\/10-surprising-peculiarities-of-the-swiss-economy\/\" \/>\n<meta property=\"og:locale\" content=\"en_GB\" \/>\n<meta property=\"og:type\" content=\"article\" \/>\n<meta property=\"og:title\" content=\"10 particularit\u00e9s surprenantes de l&#039;\u00e9conomie suisse - Minimaliste et Frugaliste\" \/>\n<meta property=\"og:description\" content=\"Suite \u00e0 avoir v\u00e9cu dans divers pays, voici selon mon avis, les 10 particularit\u00e9s surprenantes de l&#039;\u00e9conomie suisse \ud83c\udfd4\ufe0f\" \/>\n<meta property=\"og:url\" content=\"https:\/\/minimalistefrugaliste.com\/en\/10-surprising-peculiarities-of-the-swiss-economy\/\" \/>\n<meta property=\"og:site_name\" content=\"Minimaliste et Frugaliste\" \/>\n<meta property=\"article:published_time\" content=\"2025-02-19T09:53:28+00:00\" \/>\n<meta property=\"article:modified_time\" content=\"2026-05-22T11:14:24+00:00\" \/>\n<meta property=\"og:image\" content=\"https:\/\/minimalistefrugaliste.com\/wp-content\/uploads\/2025\/02\/logo-suisse.jpg\" \/>\n\t<meta property=\"og:image:width\" content=\"1024\" \/>\n\t<meta property=\"og:image:height\" content=\"1024\" \/>\n\t<meta property=\"og:image:type\" content=\"image\/jpeg\" \/>\n<meta name=\"author\" content=\"Minimaliste et Frugaliste\" \/>\n<meta name=\"twitter:card\" content=\"summary_large_image\" \/>\n<meta name=\"twitter:creator\" content=\"@https:\/\/twitter.com\/MinimalFrugal\" \/>\n<meta name=\"twitter:site\" content=\"@MinimalFrugal\" \/>\n<meta name=\"twitter:label1\" content=\"Written by\" \/>\n\t<meta name=\"twitter:data1\" content=\"Minimaliste et Frugaliste\" \/>\n\t<meta name=\"twitter:label2\" content=\"Estimated reading time\" \/>\n\t<meta name=\"twitter:data2\" content=\"16 minutes\" \/>\n<script type=\"application\/ld+json\" class=\"yoast-schema-graph\">{\"@context\":\"https:\\\/\\\/schema.org\",\"@graph\":[{\"@type\":\"Article\",\"@id\":\"https:\\\/\\\/minimalistefrugaliste.com\\\/10-particularites-surprenantes-de-leconomie-suisse\\\/#article\",\"isPartOf\":{\"@id\":\"https:\\\/\\\/minimalistefrugaliste.com\\\/10-particularites-surprenantes-de-leconomie-suisse\\\/\"},\"author\":{\"name\":\"Minimaliste et Frugaliste\",\"@id\":\"https:\\\/\\\/minimalistefrugaliste.com\\\/#\\\/schema\\\/person\\\/53bc683d7aaaffc590f5316600c765aa\"},\"headline\":\"10 particularit\u00e9s surprenantes de l&#8217;\u00e9conomie suisse\",\"datePublished\":\"2025-02-19T09:53:28+00:00\",\"dateModified\":\"2026-05-22T11:14:24+00:00\",\"mainEntityOfPage\":{\"@id\":\"https:\\\/\\\/minimalistefrugaliste.com\\\/10-particularites-surprenantes-de-leconomie-suisse\\\/\"},\"wordCount\":3184,\"commentCount\":0,\"publisher\":{\"@id\":\"https:\\\/\\\/minimalistefrugaliste.com\\\/#\\\/schema\\\/person\\\/53bc683d7aaaffc590f5316600c765aa\"},\"image\":{\"@id\":\"https:\\\/\\\/minimalistefrugaliste.com\\\/10-particularites-surprenantes-de-leconomie-suisse\\\/#primaryimage\"},\"thumbnailUrl\":\"https:\\\/\\\/i0.wp.com\\\/minimalistefrugaliste.com\\\/wp-content\\\/uploads\\\/2025\\\/02\\\/logo-suisse.jpg?fit=1024%2C1024&ssl=1\",\"keywords\":[\"10 particularit\u00e9s de l'\u00e9conomie suisse\",\"10 particularit\u00e9s surprenantes de l'\u00e9conomie suisse\",\"5 points n\u00e9gatifs en Suisse\",\"5 points positifs en Suisse\",\"assurance maladie en Suisse\",\"\u00e9conomie suisse\",\"co\u00fbt de la vie suisse\",\"compte 3a\",\"finance en Suisse\",\"finances publiques suisses\",\"fiscalit\u00e9 en Suisse\",\"geneve\",\"les avantages suisses\",\"les finances personnelles en Suisse\",\"les inconv\u00e9nients suisses\",\"les taxes en Suisse\",\"libre circulation de personnes en Suisse\",\"neuchatel\",\"pourquoi venir vivre en suisse?\",\"pouvoir d'achat suisse\",\"prix immobilier en Suisse\",\"qualit\u00e9 de vie en suisse?\",\"r\u00e9sider en suisse\",\"r\u00e9sum\u00e9 finances en Suisse\",\"suisse\",\"taux de ch\u00f4mage en Suisse\",\"travailler en Suisse\",\"trouver un emploi en Suisse\",\"un r\u00e9sum\u00e9 de la Suisse\",\"valais\",\"vivre en suisse\"],\"articleSection\":[\"Frugalisme\",\"Investissement\"],\"inLanguage\":\"en-GB\",\"potentialAction\":[{\"@type\":\"CommentAction\",\"name\":\"Comment\",\"target\":[\"https:\\\/\\\/minimalistefrugaliste.com\\\/10-particularites-surprenantes-de-leconomie-suisse\\\/#respond\"]}]},{\"@type\":\"WebPage\",\"@id\":\"https:\\\/\\\/minimalistefrugaliste.com\\\/10-particularites-surprenantes-de-leconomie-suisse\\\/\",\"url\":\"https:\\\/\\\/minimalistefrugaliste.com\\\/10-particularites-surprenantes-de-leconomie-suisse\\\/\",\"name\":\"10 particularit\u00e9s surprenantes de l'\u00e9conomie suisse - Minimaliste et Frugaliste\",\"isPartOf\":{\"@id\":\"https:\\\/\\\/minimalistefrugaliste.com\\\/#website\"},\"primaryImageOfPage\":{\"@id\":\"https:\\\/\\\/minimalistefrugaliste.com\\\/10-particularites-surprenantes-de-leconomie-suisse\\\/#primaryimage\"},\"image\":{\"@id\":\"https:\\\/\\\/minimalistefrugaliste.com\\\/10-particularites-surprenantes-de-leconomie-suisse\\\/#primaryimage\"},\"thumbnailUrl\":\"https:\\\/\\\/i0.wp.com\\\/minimalistefrugaliste.com\\\/wp-content\\\/uploads\\\/2025\\\/02\\\/logo-suisse.jpg?fit=1024%2C1024&ssl=1\",\"datePublished\":\"2025-02-19T09:53:28+00:00\",\"dateModified\":\"2026-05-22T11:14:24+00:00\",\"description\":\"Suite \u00e0 avoir v\u00e9cu dans divers pays, voici selon mon avis, les 10 particularit\u00e9s surprenantes de l'\u00e9conomie suisse \ud83c\udfd4\ufe0f\",\"breadcrumb\":{\"@id\":\"https:\\\/\\\/minimalistefrugaliste.com\\\/10-particularites-surprenantes-de-leconomie-suisse\\\/#breadcrumb\"},\"inLanguage\":\"en-GB\",\"potentialAction\":[{\"@type\":\"ReadAction\",\"target\":[\"https:\\\/\\\/minimalistefrugaliste.com\\\/10-particularites-surprenantes-de-leconomie-suisse\\\/\"]}]},{\"@type\":\"ImageObject\",\"inLanguage\":\"en-GB\",\"@id\":\"https:\\\/\\\/minimalistefrugaliste.com\\\/10-particularites-surprenantes-de-leconomie-suisse\\\/#primaryimage\",\"url\":\"https:\\\/\\\/i0.wp.com\\\/minimalistefrugaliste.com\\\/wp-content\\\/uploads\\\/2025\\\/02\\\/logo-suisse.jpg?fit=1024%2C1024&ssl=1\",\"contentUrl\":\"https:\\\/\\\/i0.wp.com\\\/minimalistefrugaliste.com\\\/wp-content\\\/uploads\\\/2025\\\/02\\\/logo-suisse.jpg?fit=1024%2C1024&ssl=1\",\"width\":1024,\"height\":1024},{\"@type\":\"BreadcrumbList\",\"@id\":\"https:\\\/\\\/minimalistefrugaliste.com\\\/10-particularites-surprenantes-de-leconomie-suisse\\\/#breadcrumb\",\"itemListElement\":[{\"@type\":\"ListItem\",\"position\":1,\"name\":\"Accueil\",\"item\":\"https:\\\/\\\/minimalistefrugaliste.com\\\/\"},{\"@type\":\"ListItem\",\"position\":2,\"name\":\"10 particularit\u00e9s surprenantes de l&#8217;\u00e9conomie suisse\"}]},{\"@type\":\"WebSite\",\"@id\":\"https:\\\/\\\/minimalistefrugaliste.com\\\/#website\",\"url\":\"https:\\\/\\\/minimalistefrugaliste.com\\\/\",\"name\":\"Minimaliste et Frugaliste\",\"description\":\"L&#039;essentiel, la simplicit\u00e9 et la libert\u00e9 financi\u00e8re\",\"publisher\":{\"@id\":\"https:\\\/\\\/minimalistefrugaliste.com\\\/#\\\/schema\\\/person\\\/53bc683d7aaaffc590f5316600c765aa\"},\"potentialAction\":[{\"@type\":\"SearchAction\",\"target\":{\"@type\":\"EntryPoint\",\"urlTemplate\":\"https:\\\/\\\/minimalistefrugaliste.com\\\/?s={search_term_string}\"},\"query-input\":{\"@type\":\"PropertyValueSpecification\",\"valueRequired\":true,\"valueName\":\"search_term_string\"}}],\"inLanguage\":\"en-GB\"},{\"@type\":[\"Person\",\"Organization\"],\"@id\":\"https:\\\/\\\/minimalistefrugaliste.com\\\/#\\\/schema\\\/person\\\/53bc683d7aaaffc590f5316600c765aa\",\"name\":\"Minimaliste et Frugaliste\",\"image\":{\"@type\":\"ImageObject\",\"inLanguage\":\"en-GB\",\"@id\":\"https:\\\/\\\/i0.wp.com\\\/minimalistefrugaliste.com\\\/wp-content\\\/uploads\\\/2022\\\/01\\\/cropped-mf-1.png?fit=458%2C410&ssl=1\",\"url\":\"https:\\\/\\\/i0.wp.com\\\/minimalistefrugaliste.com\\\/wp-content\\\/uploads\\\/2022\\\/01\\\/cropped-mf-1.png?fit=458%2C410&ssl=1\",\"contentUrl\":\"https:\\\/\\\/i0.wp.com\\\/minimalistefrugaliste.com\\\/wp-content\\\/uploads\\\/2022\\\/01\\\/cropped-mf-1.png?fit=458%2C410&ssl=1\",\"width\":458,\"height\":410,\"caption\":\"Minimaliste et Frugaliste\"},\"logo\":{\"@id\":\"https:\\\/\\\/i0.wp.com\\\/minimalistefrugaliste.com\\\/wp-content\\\/uploads\\\/2022\\\/01\\\/cropped-mf-1.png?fit=458%2C410&ssl=1\"},\"description\":\"Toujours \u00e0 la recherche du plus simple possible et du moins cher possible. Afin d'\u00eatre le plus libre, le plus riche et le plus heureux possible. J'ai cr\u00e9\u00e9 ce blog avec le but d'aider d'autres personnes qui partagent ma philosophie. Simplicit\u00e9, l'essentiel et la libert\u00e9 financi\u00e8re.\",\"sameAs\":[\"http:\\\/\\\/minimalistefrugaliste.com\",\"https:\\\/\\\/x.com\\\/https:\\\/\\\/twitter.com\\\/MinimalFrugal\",\"https:\\\/\\\/www.youtube.com\\\/@minimalistefrugaliste\"]}]}<\/script>\n<!-- \/ Yoast SEO plugin. -->","yoast_head_json":{"title":"10 Surprising Peculiarities of the Swiss Economy - Minimalist and Frugalist","description":"Having lived in various countries, here are, in my opinion, the 10 surprising peculiarities of the Swiss economy \ud83c\udfd4\ufe0f","robots":{"index":"index","follow":"follow","max-snippet":"max-snippet:-1","max-image-preview":"max-image-preview:large","max-video-preview":"max-video-preview:-1"},"canonical":"https:\/\/minimalistefrugaliste.com\/en\/10-surprising-peculiarities-of-the-swiss-economy\/","og_locale":"en_GB","og_type":"article","og_title":"10 particularit\u00e9s surprenantes de l'\u00e9conomie suisse - Minimaliste et Frugaliste","og_description":"Suite \u00e0 avoir v\u00e9cu dans divers pays, voici selon mon avis, les 10 particularit\u00e9s surprenantes de l'\u00e9conomie suisse \ud83c\udfd4\ufe0f","og_url":"https:\/\/minimalistefrugaliste.com\/en\/10-surprising-peculiarities-of-the-swiss-economy\/","og_site_name":"Minimaliste et Frugaliste","article_published_time":"2025-02-19T09:53:28+00:00","article_modified_time":"2026-05-22T11:14:24+00:00","og_image":[{"width":1024,"height":1024,"url":"https:\/\/minimalistefrugaliste.com\/wp-content\/uploads\/2025\/02\/logo-suisse.jpg","type":"image\/jpeg"}],"author":"Minimaliste et Frugaliste","twitter_card":"summary_large_image","twitter_creator":"@https:\/\/twitter.com\/MinimalFrugal","twitter_site":"@MinimalFrugal","twitter_misc":{"Written by":"Minimaliste et Frugaliste","Estimated reading time":"16 minutes"},"schema":{"@context":"https:\/\/schema.org","@graph":[{"@type":"Article","@id":"https:\/\/minimalistefrugaliste.com\/10-particularites-surprenantes-de-leconomie-suisse\/#article","isPartOf":{"@id":"https:\/\/minimalistefrugaliste.com\/10-particularites-surprenantes-de-leconomie-suisse\/"},"author":{"name":"Minimaliste et Frugaliste","@id":"https:\/\/minimalistefrugaliste.com\/#\/schema\/person\/53bc683d7aaaffc590f5316600c765aa"},"headline":"10 particularit\u00e9s surprenantes de l&#8217;\u00e9conomie suisse","datePublished":"2025-02-19T09:53:28+00:00","dateModified":"2026-05-22T11:14:24+00:00","mainEntityOfPage":{"@id":"https:\/\/minimalistefrugaliste.com\/10-particularites-surprenantes-de-leconomie-suisse\/"},"wordCount":3184,"commentCount":0,"publisher":{"@id":"https:\/\/minimalistefrugaliste.com\/#\/schema\/person\/53bc683d7aaaffc590f5316600c765aa"},"image":{"@id":"https:\/\/minimalistefrugaliste.com\/10-particularites-surprenantes-de-leconomie-suisse\/#primaryimage"},"thumbnailUrl":"https:\/\/i0.wp.com\/minimalistefrugaliste.com\/wp-content\/uploads\/2025\/02\/logo-suisse.jpg?fit=1024%2C1024&ssl=1","keywords":["10 particularit\u00e9s de l'\u00e9conomie suisse","10 particularit\u00e9s surprenantes de l'\u00e9conomie suisse","5 points n\u00e9gatifs en Suisse","5 points positifs en Suisse","assurance maladie en Suisse","\u00e9conomie suisse","co\u00fbt de la vie suisse","compte 3a","finance en Suisse","finances publiques suisses","fiscalit\u00e9 en Suisse","geneve","les avantages suisses","les finances personnelles en Suisse","les inconv\u00e9nients suisses","les taxes en Suisse","libre circulation de personnes en Suisse","neuchatel","pourquoi venir vivre en suisse?","pouvoir d'achat suisse","prix immobilier en Suisse","qualit\u00e9 de vie en suisse?","r\u00e9sider en suisse","r\u00e9sum\u00e9 finances en Suisse","suisse","taux de ch\u00f4mage en Suisse","travailler en Suisse","trouver un emploi en Suisse","un r\u00e9sum\u00e9 de la Suisse","valais","vivre en suisse"],"articleSection":["Frugalisme","Investissement"],"inLanguage":"en-GB","potentialAction":[{"@type":"CommentAction","name":"Comment","target":["https:\/\/minimalistefrugaliste.com\/10-particularites-surprenantes-de-leconomie-suisse\/#respond"]}]},{"@type":"WebPage","@id":"https:\/\/minimalistefrugaliste.com\/10-particularites-surprenantes-de-leconomie-suisse\/","url":"https:\/\/minimalistefrugaliste.com\/10-particularites-surprenantes-de-leconomie-suisse\/","name":"10 Surprising Peculiarities of the Swiss Economy - Minimalist and Frugalist","isPartOf":{"@id":"https:\/\/minimalistefrugaliste.com\/#website"},"primaryImageOfPage":{"@id":"https:\/\/minimalistefrugaliste.com\/10-particularites-surprenantes-de-leconomie-suisse\/#primaryimage"},"image":{"@id":"https:\/\/minimalistefrugaliste.com\/10-particularites-surprenantes-de-leconomie-suisse\/#primaryimage"},"thumbnailUrl":"https:\/\/i0.wp.com\/minimalistefrugaliste.com\/wp-content\/uploads\/2025\/02\/logo-suisse.jpg?fit=1024%2C1024&ssl=1","datePublished":"2025-02-19T09:53:28+00:00","dateModified":"2026-05-22T11:14:24+00:00","description":"Having lived in various countries, here are, in my opinion, the 10 surprising peculiarities of the Swiss economy \ud83c\udfd4\ufe0f","breadcrumb":{"@id":"https:\/\/minimalistefrugaliste.com\/10-particularites-surprenantes-de-leconomie-suisse\/#breadcrumb"},"inLanguage":"en-GB","potentialAction":[{"@type":"ReadAction","target":["https:\/\/minimalistefrugaliste.com\/10-particularites-surprenantes-de-leconomie-suisse\/"]}]},{"@type":"ImageObject","inLanguage":"en-GB","@id":"https:\/\/minimalistefrugaliste.com\/10-particularites-surprenantes-de-leconomie-suisse\/#primaryimage","url":"https:\/\/i0.wp.com\/minimalistefrugaliste.com\/wp-content\/uploads\/2025\/02\/logo-suisse.jpg?fit=1024%2C1024&ssl=1","contentUrl":"https:\/\/i0.wp.com\/minimalistefrugaliste.com\/wp-content\/uploads\/2025\/02\/logo-suisse.jpg?fit=1024%2C1024&ssl=1","width":1024,"height":1024},{"@type":"BreadcrumbList","@id":"https:\/\/minimalistefrugaliste.com\/10-particularites-surprenantes-de-leconomie-suisse\/#breadcrumb","itemListElement":[{"@type":"ListItem","position":1,"name":"Accueil","item":"https:\/\/minimalistefrugaliste.com\/"},{"@type":"ListItem","position":2,"name":"10 particularit\u00e9s surprenantes de l&#8217;\u00e9conomie suisse"}]},{"@type":"WebSite","@id":"https:\/\/minimalistefrugaliste.com\/#website","url":"https:\/\/minimalistefrugaliste.com\/","name":"Minimalism and Frugalism","description":"Essentials, simplicity and financial freedom","publisher":{"@id":"https:\/\/minimalistefrugaliste.com\/#\/schema\/person\/53bc683d7aaaffc590f5316600c765aa"},"potentialAction":[{"@type":"SearchAction","target":{"@type":"EntryPoint","urlTemplate":"https:\/\/minimalistefrugaliste.com\/?s={search_term_string}"},"query-input":{"@type":"PropertyValueSpecification","valueRequired":true,"valueName":"search_term_string"}}],"inLanguage":"en-GB"},{"@type":["Person","Organization"],"@id":"https:\/\/minimalistefrugaliste.com\/#\/schema\/person\/53bc683d7aaaffc590f5316600c765aa","name":"Minimalism and Frugalism","image":{"@type":"ImageObject","inLanguage":"en-GB","@id":"https:\/\/i0.wp.com\/minimalistefrugaliste.com\/wp-content\/uploads\/2022\/01\/cropped-mf-1.png?fit=458%2C410&ssl=1","url":"https:\/\/i0.wp.com\/minimalistefrugaliste.com\/wp-content\/uploads\/2022\/01\/cropped-mf-1.png?fit=458%2C410&ssl=1","contentUrl":"https:\/\/i0.wp.com\/minimalistefrugaliste.com\/wp-content\/uploads\/2022\/01\/cropped-mf-1.png?fit=458%2C410&ssl=1","width":458,"height":410,"caption":"Minimaliste et Frugaliste"},"logo":{"@id":"https:\/\/i0.wp.com\/minimalistefrugaliste.com\/wp-content\/uploads\/2022\/01\/cropped-mf-1.png?fit=458%2C410&ssl=1"},"description":"Always looking for the simplest possible and cheapest possible. In order to be as free, rich and happy as possible. I created this blog with the goal of helping other people who share my philosophy. Simplicity, the essentials and financial freedom.","sameAs":["http:\/\/minimalistefrugaliste.com","https:\/\/x.com\/https:\/\/twitter.com\/MinimalFrugal","https:\/\/www.youtube.com\/@minimalistefrugaliste"]}]}},"jetpack_publicize_connections":[],"jetpack_likes_enabled":true,"jetpack_sharing_enabled":true,"jetpack_shortlink":"https:\/\/wp.me\/pdCI1c-5dD","jetpack-related-posts":[],"jetpack_featured_media_url":"https:\/\/i0.wp.com\/minimalistefrugaliste.com\/wp-content\/uploads\/2025\/02\/logo-suisse.jpg?fit=1024%2C1024&ssl=1","_links":{"self":[{"href":"https:\/\/minimalistefrugaliste.com\/en\/wp-json\/wp\/v2\/posts\/20065","targetHints":{"allow":["GET"]}}],"collection":[{"href":"https:\/\/minimalistefrugaliste.com\/en\/wp-json\/wp\/v2\/posts"}],"about":[{"href":"https:\/\/minimalistefrugaliste.com\/en\/wp-json\/wp\/v2\/types\/post"}],"author":[{"embeddable":true,"href":"https:\/\/minimalistefrugaliste.com\/en\/wp-json\/wp\/v2\/users\/215552267"}],"replies":[{"embeddable":true,"href":"https:\/\/minimalistefrugaliste.com\/en\/wp-json\/wp\/v2\/comments?post=20065"}],"version-history":[{"count":100,"href":"https:\/\/minimalistefrugaliste.com\/en\/wp-json\/wp\/v2\/posts\/20065\/revisions"}],"predecessor-version":[{"id":26413,"href":"https:\/\/minimalistefrugaliste.com\/en\/wp-json\/wp\/v2\/posts\/20065\/revisions\/26413"}],"wp:featuredmedia":[{"embeddable":true,"href":"https:\/\/minimalistefrugaliste.com\/en\/wp-json\/wp\/v2\/media\/20627"}],"wp:attachment":[{"href":"https:\/\/minimalistefrugaliste.com\/en\/wp-json\/wp\/v2\/media?parent=20065"}],"wp:term":[{"taxonomy":"category","embeddable":true,"href":"https:\/\/minimalistefrugaliste.com\/en\/wp-json\/wp\/v2\/categories?post=20065"},{"taxonomy":"post_tag","embeddable":true,"href":"https:\/\/minimalistefrugaliste.com\/en\/wp-json\/wp\/v2\/tags?post=20065"}],"curies":[{"name":"wp","href":"https:\/\/api.w.org\/{rel}","templated":true}]}}